{"id":2588,"date":"2020-08-28T15:55:53","date_gmt":"2020-08-28T13:55:53","guid":{"rendered":"http:\/\/www.mladibl.com\/?p=2588"},"modified":"2020-08-28T15:55:55","modified_gmt":"2020-08-28T13:55:55","slug":"55-kocicev-zbor-otvorena-izlozba-kocicevih-fotografija-i-likovnih-prikaza-njegovih-junaka","status":"publish","type":"post","link":"https:\/\/www.mladibl.com\/?p=2588","title":{"rendered":"55. Ko\u010di\u0107ev zbor: Otvorena izlo\u017eba Ko\u010di\u0107evih fotografija i likovnih prikaza njegovih junaka"},"content":{"rendered":"\n<p>U okviru 55. Ko\u010di\u0107evog zbora, danas je u Stri\u010di\u0107ima, na  obnovljenom Ko\u010di\u0107evom ognji\u0161tu, otvorena izlo\u017eba posve\u0107ena velikom narodnom tribunu i knji\u017eevniku.<\/p>\n\n\n\n<p>Zamjenik gradona\u010delnika Banje Luke Sr\u0111an Amid\u017ei\u0107, rekao je da je ideja Gradske uprave da, kroz organizaciju Ko\u010di\u0107evog zbora, sa\u010duva ideje i ideale o kojima je pisao i za koje se borio Petar Ko\u010di\u0107.<\/p>\n\n\n\n<p>Ko\u010di\u0107evo ognji\u0161te na autenti\u010dan na\u010din prikazuje \u017eivot i djelo ovog pisca, te \u0107emo i u narednom periodu nastojati da ga dopunimo, nastoje\u0107i da ovi prostori \u017eive kroz cijelu godinu, a ne samo za vrijeme narodnog zborovanja \u2013 naglasio je Amid\u017ei\u0107.<\/p>\n\n\n\n<p>Autor izlo\u017ebe Vladimir \u0110ukanovi\u0107, kazao je da izlo\u017eba sadr\u017ei fotografije Petra Ko\u010di\u0107a i likovne prikaze junaka njegovih djela, isti\u010du\u0107i da su ku\u0107e na Ko\u010di\u0107evom ognji\u0161tu ove godine dopunjene sa jo\u0161 60 eksponaata.<\/p>\n\n\n\n<p>Tu su David \u0160trbac, Lujo, Tuba, zatim ku\u0107a Davida \u0160trpca, karta Zmijanja prema Petru Ko\u010di\u0107u, a u vitrinama su izlo\u017eeni rukopisi Petra Ko\u010di\u0107a za djela \u201eMrguda\u201c, \u201eO Bosni\u201c, \u201eZa seljaka\u201c i \u201eSudanija\u201c \u2013 kazao je je \u0110ukanovi\u0107.<\/p>\n\n\n\n<p>Kompleks Ko\u010di\u0107evog ognji\u0161ta sadr\u017ei \u0161est objekata i to rodnu ku\u0107u Petra Ko\u010di\u0107a, dvodijelnu dinarsku planinsku ku\u0107u brvnaru, zgradicu, mlje\u010dar kao i dva pomo\u0107na objekta.<\/p>\n\n\n\n<p>Povodom Ko\u010di\u0107evog zbora, na spomeniku u Stri\u010di\u0107ima polo\u017eeni su vijenci i odata po\u010dast poginulim borcima Odbrambeno otad\u017ebinskog rata. U ime Organizacionog odbora ove manifestacije vijenac je polo\u017eio zamjenik gradona\u010delnika Sr\u0111an Amid\u017ei\u0107. Vijence su polo\u017eili i predsjednik Narodne skup\u0161tine RS Nedeljko \u010cubrilovi\u0107, ministar prosvjete i kulutre Natalija Trivi\u0107, savjetnik srpskog \u010dlana Predsjedni\u0161tva BiH Radovan Kova\u010devi\u0107, predsjednik Bora\u010dke organizacije RS Milomir Savi\u010di\u0107 i drugi.<\/p>\n\n\n\n<p>Preuzeto sa: <a href=\"http:\/\/www.banjaluka.rs.ba\/55-%d0%ba%d0%be%d1%87%d0%b8%d1%9b%d0%b5%d0%b2-%d0%b7%d0%b1%d0%be%d1%80-%d0%be%d1%82%d0%b2%d0%be%d1%80%d0%b5%d0%bd%d0%b0-%d0%b8%d0%b7%d0%bb%d0%be%d0%b6%d0%b1%d0%b0-%d0%ba%d0%be%d1%87%d0%b8%d1%9b\/\" target=\"_blank\" rel=\"noreferrer noopener\" aria-label=\"Grad Banja Luka (opens in a new tab)\">Grad Banja Luka<\/a><\/p>\n","protected":false},"excerpt":{"rendered":"<p>U okviru 55. Ko\u010di\u0107evog zbora, danas je u Stri\u010di\u0107ima, na obnovljenom Ko\u010di\u0107evom ognji\u0161tu, otvorena izlo\u017eba posve\u0107ena velikom narodnom tribunu i<\/p>\n","protected":false},"author":1,"featured_media":2589,"comment_status":"closed","ping_status":"open","sticky":false,"template":"","format":"standard","meta":{"om_disable_all_campaigns":false,"_monsterinsights_skip_tracking":false,"_monsterinsights_sitenote_active":false,"_monsterinsights_sitenote_note":"","_monsterinsights_sitenote_category":0,"footnotes":""},"categories":[2],"tags":[584,699,784],"class_list":["post-2588","post","type-post","status-publish","format-standard","has-post-thumbnail","hentry","category-vijesti","tag-fotografije","tag-izlozba","tag-kocicev-zbor"],"jetpack_featured_media_url":"https:\/\/www.mladibl.com\/wp-content\/uploads\/2020\/08\/55.-Ko\u010di\u0107ev-zbor-Otvorena-izlo\u017eba-Ko\u010di\u0107evih-fotografija-i-likovnih-prikaza-njegovih-junaka.jpg","amp_enabled":true,"_links":{"self":[{"href":"https:\/\/www.mladibl.com\/index.php?rest_route=\/wp\/v2\/posts\/2588","targetHints":{"allow":["GET"]}}],"collection":[{"href":"https:\/\/www.mladibl.com\/index.php?rest_route=\/wp\/v2\/posts"}],"about":[{"href":"https:\/\/www.mladibl.com\/index.php?rest_route=\/wp\/v2\/types\/post"}],"author":[{"embeddable":true,"href":"https:\/\/www.mladibl.com\/index.php?rest_route=\/wp\/v2\/users\/1"}],"replies":[{"embeddable":true,"href":"https:\/\/www.mladibl.com\/index.php?rest_route=%2Fwp%2Fv2%2Fcomments&post=2588"}],"version-history":[{"count":1,"href":"https:\/\/www.mladibl.com\/index.php?rest_route=\/wp\/v2\/posts\/2588\/revisions"}],"predecessor-version":[{"id":2590,"href":"https:\/\/www.mladibl.com\/index.php?rest_route=\/wp\/v2\/posts\/2588\/revisions\/2590"}],"wp:featuredmedia":[{"embeddable":true,"href":"https:\/\/www.mladibl.com\/index.php?rest_route=\/wp\/v2\/media\/2589"}],"wp:attachment":[{"href":"https:\/\/www.mladibl.com\/index.php?rest_route=%2Fwp%2Fv2%2Fmedia&parent=2588"}],"wp:term":[{"taxonomy":"category","embeddable":true,"href":"https:\/\/www.mladibl.com\/index.php?rest_route=%2Fwp%2Fv2%2Fcategories&post=2588"},{"taxonomy":"post_tag","embeddable":true,"href":"https:\/\/www.mladibl.com\/index.php?rest_route=%2Fwp%2Fv2%2Ftags&post=2588"}],"curies":[{"name":"wp","href":"https:\/\/api.w.org\/{rel}","templated":true}]}}