{"id":2585,"date":"2020-08-28T15:53:32","date_gmt":"2020-08-28T13:53:32","guid":{"rendered":"http:\/\/www.mladibl.com\/?p=2585"},"modified":"2020-08-28T15:53:34","modified_gmt":"2020-08-28T13:53:34","slug":"ulozeno-120-000-km-obnovljena-skola-u-stricicima","status":"publish","type":"post","link":"https:\/\/www.mladibl.com\/?p=2585","title":{"rendered":"Ulo\u017eeno 120.000 KM: Obnovljena \u0161kola u Stri\u010di\u0107ima"},"content":{"rendered":"\n<p>Zamjenik gradona\u010delnik Sr\u0111an Amid\u017ei\u0107, posjetio je danas podru\u010dno odjeljenje Osnovne \u0161kole \u201ePetar Ko\u010di\u0107\u201c u Stri\u010di\u0107ima, za \u010diju obnovu je izdvojeno vi\u0161e od 120.000 KM.<\/p>\n\n\n\n<p>U okviru ovih radova, \u0161kola u rodnom selu Petra Ko\u010di\u0107a dobila je novu stolariju i obnovljenu fiskulturnu salu.<\/p>\n\n\n\n<p>Mnogo ljep\u0161i prizor nas je danas do\u010dekao u ovoj \u0161koli u odnosu na pro\u0161lu godinu \u2013 kazao je Amid\u017ei\u0107 i podsjetio da je zajedni\u010dkim sredstvima Vlade RS i Grada sanirano vi\u0161e \u0161kolskih objekata na podru\u010dju grada.<\/p>\n\n\n\n<p>Direktorica \u0161kole Dubravka Bosan\u010di\u0107 istakla je da je sve spremno za po\u010detak \u0161kolske godine i da se raduju \u0161to \u0107e djeca uskoro da sjednu u \u0161kolske klupe poslije vi\u0161emjese\u010dne pauze.<\/p>\n\n\n\n<p>Zahvalju\u0107i ovom ulaganju, danas imamo daleko bolje uslove za na\u0161e u\u010denike i nastavnike \u2013 kazala je ona.<\/p>\n\n\n\n<p>Preuzeto sa: <a href=\"http:\/\/www.banjaluka.rs.ba\/%d1%83%d0%bb%d0%be%d0%b6%d0%b5%d0%bd%d0%be-120-000-%d0%ba%d0%bc-%d0%be%d0%b1%d0%bd%d0%be%d0%b2%d1%99%d0%b5%d0%bd%d0%b0-%d1%88%d0%ba%d0%be%d0%bb%d0%b0-%d1%83-%d1%81%d1%82%d1%80%d0%b8%d1%87%d0%b8%d1%9b\/\" target=\"_blank\" rel=\"noreferrer noopener\" aria-label=\"Grad Banja Luka (opens in a new tab)\">Grad Banja Luka<\/a><\/p>\n","protected":false},"excerpt":{"rendered":"<p>Zamjenik gradona\u010delnik Sr\u0111an Amid\u017ei\u0107, posjetio je danas podru\u010dno odjeljenje Osnovne \u0161kole \u201ePetar Ko\u010di\u0107\u201c u Stri\u010di\u0107ima, za \u010diju obnovu je izdvojeno<\/p>\n","protected":false},"author":1,"featured_media":2586,"comment_status":"closed","ping_status":"open","sticky":false,"template":"","format":"standard","meta":{"om_disable_all_campaigns":false,"_monsterinsights_skip_tracking":false,"_monsterinsights_sitenote_active":false,"_monsterinsights_sitenote_note":"","_monsterinsights_sitenote_category":0,"footnotes":""},"categories":[2],"tags":[53,1169,1170],"class_list":["post-2585","post","type-post","status-publish","format-standard","has-post-thumbnail","hentry","category-vijesti","tag-banja-luka","tag-obnovljena-skola","tag-stricici"],"jetpack_featured_media_url":"https:\/\/www.mladibl.com\/wp-content\/uploads\/2020\/08\/Ulo\u017eeno-120.000-KM-Obnovljena-\u0161kola-u-Stri\u010di\u0107ima.jpg","amp_enabled":true,"_links":{"self":[{"href":"https:\/\/www.mladibl.com\/index.php?rest_route=\/wp\/v2\/posts\/2585","targetHints":{"allow":["GET"]}}],"collection":[{"href":"https:\/\/www.mladibl.com\/index.php?rest_route=\/wp\/v2\/posts"}],"about":[{"href":"https:\/\/www.mladibl.com\/index.php?rest_route=\/wp\/v2\/types\/post"}],"author":[{"embeddable":true,"href":"https:\/\/www.mladibl.com\/index.php?rest_route=\/wp\/v2\/users\/1"}],"replies":[{"embeddable":true,"href":"https:\/\/www.mladibl.com\/index.php?rest_route=%2Fwp%2Fv2%2Fcomments&post=2585"}],"version-history":[{"count":1,"href":"https:\/\/www.mladibl.com\/index.php?rest_route=\/wp\/v2\/posts\/2585\/revisions"}],"predecessor-version":[{"id":2587,"href":"https:\/\/www.mladibl.com\/index.php?rest_route=\/wp\/v2\/posts\/2585\/revisions\/2587"}],"wp:featuredmedia":[{"embeddable":true,"href":"https:\/\/www.mladibl.com\/index.php?rest_route=\/wp\/v2\/media\/2586"}],"wp:attachment":[{"href":"https:\/\/www.mladibl.com\/index.php?rest_route=%2Fwp%2Fv2%2Fmedia&parent=2585"}],"wp:term":[{"taxonomy":"category","embeddable":true,"href":"https:\/\/www.mladibl.com\/index.php?rest_route=%2Fwp%2Fv2%2Fcategories&post=2585"},{"taxonomy":"post_tag","embeddable":true,"href":"https:\/\/www.mladibl.com\/index.php?rest_route=%2Fwp%2Fv2%2Ftags&post=2585"}],"curies":[{"name":"wp","href":"https:\/\/api.w.org\/{rel}","templated":true}]}}