{"id":2571,"date":"2020-08-27T14:51:34","date_gmt":"2020-08-27T12:51:34","guid":{"rendered":"http:\/\/www.mladibl.com\/?p=2571"},"modified":"2020-08-27T14:51:36","modified_gmt":"2020-08-27T12:51:36","slug":"na-jesen-sadnja-tri-nove-aleje","status":"publish","type":"post","link":"https:\/\/www.mladibl.com\/?p=2571","title":{"rendered":"Na jesen sadnja tri nove aleje"},"content":{"rendered":"\n<p>Na jesen \u0107e biti nastavljena akcija sadnje mladih sadnica pod nazivom \u201e1000 sadnica za ljep\u0161u Banjaluku\u201c tokom koje \u0107e na\u0161 grad dobiti tri nove aleje, najavljeno je iz Odjeljenja za komunalne poslove. Na\u010delnik ovog odjeljenja Petar Bil\u010dar isti\u010de da je akcija tokom prolje\u0107a bila obustavljena zbog epidemije korona virusa, ali da \u0107e biti nastavljena ove jeseni.<\/p>\n\n\n\n<p>Ve\u0107 ranije je bilo dogovoreno da \u201cAleja maturanata\u201c dobije jo\u0161 jedan drvored pro\u0161log prolje\u0107a, ali smo bili prinu\u0111eni da otka\u017eemo tu akciju. Ipak, od toga nismo odustali i ove jeseni zasadi\u0107emo 105 mladih sadnica katalpe kod Univerzitetsko-klini\u010dkog centra Republike Srpske \u2013 pojasnio je Bil\u010dar. On dodaje da je u planu i sadnja aleje posve\u0107ene Sportskom dru\u0161tvu Borac, gdje bi, zajedno sa istaknutim \u010dlanovima i biv\u0161im sportistima, podigli novu aleju na zelenoj povr\u0161ini u Gunduli\u0107evoj ulici, ta\u010dnije na prostoru uz isto\u010dnu tribinu Gradskog stadiona.<\/p>\n\n\n\n<p>Ono \u0161to smo svakako du\u017eni da u\u010dinimo, kao dru\u0161tvo u cjelini, jeste da se na prigodan na\u010din odu\u017eimio na\u0161im medicinskim radnicima. Planiramo sadnju novog drvoeda koji bismo simboli\u010dno nazvali \u201eAleja zahvalnosti medicinskim radnicima\u201c, i ta aleja bi bila mali znak pa\u017enje i zahvalnosti za njihov nesebi\u010dni trud, zalaganje i odricanje tokom epidemije \u2013 rekao je Bi\u010dar.<\/p>\n\n\n\n<p>Iz Odjeljenja za komunalne poslove isiti\u010du da sadnja novih aleja ne\u0107e biti jedini posao tokom jesenjih mjeseci.<\/p>\n\n\n\n<p>Planirani su i radovi na popunjavanju postoje\u0107eg dendrofonda u Parku Mladen Stojanovi\u0107 \u010dime bi stabla koja su uklonjena zamijenili novim sadnicama, uz va\u0111enje panjeva, pro\u0161irenje sadne jame, ugradnju sistema za zalijevanje i sli\u010dno. Nakon uspje\u0161no izvr\u0161ene rekonstrukcije drvoreda u ulicama Kralja Petra I Kara\u0111or\u0111evi\u0107a, Mladena Stojanovi\u0107a i Jovana Du\u010di\u0107a, slijedi nastavak ove akcije, u skladu sa studijamiom analize zdravstvenog stanja stabala. Posebna pa\u017enja bi\u0107e posve\u0107ena popunjavanju drvoreda odnosno sadnji novih sadnica na pozicijama sa kojih su ona uklanjana u prethodnom periodu \u2013 naglasio je na\u010delnik Bil\u010dar.<\/p>\n\n\n\n<p>Preuzeto sa: <a href=\"http:\/\/www.banjaluka.rs.ba\/%d0%bd%d0%b0-%d1%98%d0%b5%d1%81%d0%b5%d0%bd-%d1%81%d0%b0%d0%b4%d1%9a%d0%b0-%d1%82%d1%80%d0%b8-%d0%bd%d0%be%d0%b2%d0%b5-%d0%b0%d0%bb%d0%b5%d1%98%d0%b5\/\" target=\"_blank\" rel=\"noreferrer noopener\" aria-label=\"Grad Banja Luka (opens in a new tab)\">Grad Banja Luka<\/a><\/p>\n","protected":false},"excerpt":{"rendered":"<p>Na jesen \u0107e biti nastavljena akcija sadnje mladih sadnica pod nazivom \u201e1000 sadnica za ljep\u0161u Banjaluku\u201c tokom koje \u0107e na\u0161<\/p>\n","protected":false},"author":1,"featured_media":2572,"comment_status":"closed","ping_status":"open","sticky":false,"template":"","format":"standard","meta":{"om_disable_all_campaigns":false,"_monsterinsights_skip_tracking":false,"_monsterinsights_sitenote_active":false,"_monsterinsights_sitenote_note":"","_monsterinsights_sitenote_category":0,"footnotes":""},"categories":[2],"tags":[53,1160,1162,1161],"class_list":["post-2571","post","type-post","status-publish","format-standard","has-post-thumbnail","hentry","category-vijesti","tag-banja-luka","tag-jesen","tag-nove-aleje","tag-sadnja"],"jetpack_featured_media_url":"https:\/\/www.mladibl.com\/wp-content\/uploads\/2020\/08\/Na-jesen-sadnja-tri-nove-aleje.jpg","amp_enabled":true,"_links":{"self":[{"href":"https:\/\/www.mladibl.com\/index.php?rest_route=\/wp\/v2\/posts\/2571","targetHints":{"allow":["GET"]}}],"collection":[{"href":"https:\/\/www.mladibl.com\/index.php?rest_route=\/wp\/v2\/posts"}],"about":[{"href":"https:\/\/www.mladibl.com\/index.php?rest_route=\/wp\/v2\/types\/post"}],"author":[{"embeddable":true,"href":"https:\/\/www.mladibl.com\/index.php?rest_route=\/wp\/v2\/users\/1"}],"replies":[{"embeddable":true,"href":"https:\/\/www.mladibl.com\/index.php?rest_route=%2Fwp%2Fv2%2Fcomments&post=2571"}],"version-history":[{"count":1,"href":"https:\/\/www.mladibl.com\/index.php?rest_route=\/wp\/v2\/posts\/2571\/revisions"}],"predecessor-version":[{"id":2573,"href":"https:\/\/www.mladibl.com\/index.php?rest_route=\/wp\/v2\/posts\/2571\/revisions\/2573"}],"wp:featuredmedia":[{"embeddable":true,"href":"https:\/\/www.mladibl.com\/index.php?rest_route=\/wp\/v2\/media\/2572"}],"wp:attachment":[{"href":"https:\/\/www.mladibl.com\/index.php?rest_route=%2Fwp%2Fv2%2Fmedia&parent=2571"}],"wp:term":[{"taxonomy":"category","embeddable":true,"href":"https:\/\/www.mladibl.com\/index.php?rest_route=%2Fwp%2Fv2%2Fcategories&post=2571"},{"taxonomy":"post_tag","embeddable":true,"href":"https:\/\/www.mladibl.com\/index.php?rest_route=%2Fwp%2Fv2%2Ftags&post=2571"}],"curies":[{"name":"wp","href":"https:\/\/api.w.org\/{rel}","templated":true}]}}