{"id":25635,"date":"2022-11-21T23:40:24","date_gmt":"2022-11-21T21:40:24","guid":{"rendered":"https:\/\/www.mladibl.com\/?p=25635"},"modified":"2022-11-21T23:40:25","modified_gmt":"2022-11-21T21:40:25","slug":"poziv-zainteresovanim-za-biciklisticki-saobracaj-u-gradu-da-prisustvuju-panel-diskusiji","status":"publish","type":"post","link":"https:\/\/www.mladibl.com\/?p=25635","title":{"rendered":"Poziv zainteresovanim za biciklisti\u010dki saobra\u0107aj u gradu da prisustvuju panel diskusiji"},"content":{"rendered":"\n<p>Grad Banja Luka poziva sve zainteresovane za biciklisti\u010dki saobra\u0107aj u gradu, da 22. novembra od 17.00 \u010dasova u Domu omladine prisustvuju panel diskusiji o temi kori\u0161\u0107enja bicikala kao vida prevoza.<\/p>\n\n\n\n<p>Tokom ove panel diskusije bi\u0107e predstavljeni rezultati ankete sprovedene kroz saradnju Grada sa \u0161vedskim partnerima, a u okviru projekta \u201eIMPAQ\u201c, kao i planovi za naredni period.<\/p>\n\n\n\n<p>Naime, Banja Luka je opredijeljena za unapre\u0111enje urbane mobilnosti, a jedan od najzna\u010dajnih projekata u koji je Grad uklju\u010den iz ove oblasti jeste upravo projekat \u201eIMPAQ\u201c, \u010diji se jedan dio odnosi na saobra\u0107ajna rje\u0161enja koja su ekolo\u0161ki prihvatljiva.<\/p>\n\n\n\n<p>Preuzeto sa: <a href=\"https:\/\/www.banjaluka.rs.ba\/poziv-za-prisustvo-panel-diskusiji\/\" target=\"_blank\" rel=\"noreferrer noopener\">Grad Banja Luka<\/a><\/p>\n","protected":false},"excerpt":{"rendered":"<p>Grad Banja Luka poziva sve zainteresovane za biciklisti\u010dki saobra\u0107aj u gradu, da 22. novembra od 17.00 \u010dasova u Domu omladine<\/p>\n","protected":false},"author":1,"featured_media":25649,"comment_status":"closed","ping_status":"open","sticky":false,"template":"","format":"standard","meta":{"om_disable_all_campaigns":false,"_monsterinsights_skip_tracking":false,"_monsterinsights_sitenote_active":false,"_monsterinsights_sitenote_note":"","_monsterinsights_sitenote_category":0,"footnotes":""},"categories":[2],"tags":[53,10016,21,676,355],"class_list":["post-25635","post","type-post","status-publish","format-standard","has-post-thumbnail","hentry","category-vijesti","tag-banja-luka","tag-biciklisticki-saobracaj","tag-dom-omladine","tag-panel-diskusija","tag-poziv"],"jetpack_featured_media_url":"https:\/\/www.mladibl.com\/wp-content\/uploads\/2022\/11\/Poziv-zainteresovanim-za-biciklisticki-saobracaj-u-gradu-da-prisustvuju-panel-diskusiji.jpg","amp_enabled":true,"_links":{"self":[{"href":"https:\/\/www.mladibl.com\/index.php?rest_route=\/wp\/v2\/posts\/25635","targetHints":{"allow":["GET"]}}],"collection":[{"href":"https:\/\/www.mladibl.com\/index.php?rest_route=\/wp\/v2\/posts"}],"about":[{"href":"https:\/\/www.mladibl.com\/index.php?rest_route=\/wp\/v2\/types\/post"}],"author":[{"embeddable":true,"href":"https:\/\/www.mladibl.com\/index.php?rest_route=\/wp\/v2\/users\/1"}],"replies":[{"embeddable":true,"href":"https:\/\/www.mladibl.com\/index.php?rest_route=%2Fwp%2Fv2%2Fcomments&post=25635"}],"version-history":[{"count":1,"href":"https:\/\/www.mladibl.com\/index.php?rest_route=\/wp\/v2\/posts\/25635\/revisions"}],"predecessor-version":[{"id":25650,"href":"https:\/\/www.mladibl.com\/index.php?rest_route=\/wp\/v2\/posts\/25635\/revisions\/25650"}],"wp:featuredmedia":[{"embeddable":true,"href":"https:\/\/www.mladibl.com\/index.php?rest_route=\/wp\/v2\/media\/25649"}],"wp:attachment":[{"href":"https:\/\/www.mladibl.com\/index.php?rest_route=%2Fwp%2Fv2%2Fmedia&parent=25635"}],"wp:term":[{"taxonomy":"category","embeddable":true,"href":"https:\/\/www.mladibl.com\/index.php?rest_route=%2Fwp%2Fv2%2Fcategories&post=25635"},{"taxonomy":"post_tag","embeddable":true,"href":"https:\/\/www.mladibl.com\/index.php?rest_route=%2Fwp%2Fv2%2Ftags&post=25635"}],"curies":[{"name":"wp","href":"https:\/\/api.w.org\/{rel}","templated":true}]}}