{"id":25541,"date":"2022-11-16T21:08:19","date_gmt":"2022-11-16T19:08:19","guid":{"rendered":"https:\/\/www.mladibl.com\/?p=25541"},"modified":"2022-11-16T21:08:20","modified_gmt":"2022-11-16T19:08:20","slug":"poziv-za-prijave-dodjela-mirovne-nagrade-goran-bubalo-2022","status":"publish","type":"post","link":"https:\/\/www.mladibl.com\/?p=25541","title":{"rendered":"Poziv za prijave dodjela mirovne nagrade &#8220;Goran Bubalo&#8221; 2022"},"content":{"rendered":"\n<p>09.12.2022., 12:00 \u2013 15:00<\/p>\n\n\n\n<p>Omladinski dom, Banja Luka<\/p>\n\n\n\n<p>Ovogodi\u0161nja, deveta Mirovna nagrada \u201eGoran Bubalo\u201c, dodijelit \u0107e se 09. decembra 2022. godine, a povodom obilje\u017eavanja Me\u0111unarodnog dana ljudskih prava. Dodjela Mirovne nagrade \u201eGoran Bubalo\u201c bit \u0107e uprili\u010dena u Banja Luci u Omladinskom domu, s po\u010detkom u 12:00 sati.<\/p>\n\n\n\n<p>Nagrada \u0107e biti dodijeljena u dvije kategorije: za pojedince_ke i za obrazovne institucije. Dodjelom godi\u0161nje Mirovne nagrade \u201eGoran Bubalo\u201c, Mre\u017ea za izgradnju mira prepoznaje izuzetne napore pojedinaca_ki i obrazovnih institucija koji_e te\u017ee obnovi mira, o\u010duvanju i promociji pravde i ljudskih prava u Bosni i Hercegovini. Ove godine, u okviru istog doga\u0111aja, dodjelit \u0107e se nagrade za djecu i mlade, pobjednike_ce u nedavno zavr\u0161enom Takmi\u010denju za izbor najboljih kreativnih radova povodom Me\u0111unarodnog dana ljudskih prava pod nazivom \u201cPoruka mira: od mene za moju zajednicu, za moju zemlju, za mir u svijetu\u201d.<\/p>\n\n\n\n<p>Doga\u0111aj je javan, pozivamo sve zainteresovane da nam se pridru\u017ee i da se zajedno s nama prisjete napora u izgradnji mira u BiH, da zajedno s nama nagrade ovogodi\u0161nje dobitnike_ce nagrade. Molimo sve zainteresovane, aktiviste i aktivistice, osobe koje su aktivne u udru\u017eenjima gra\u0111ana, organizacijama, formalnim i neformalnim pokretima, fondacijama, javnim institucijama, obrazovnim institucijama, medijima\u2026 da prijave za svoje u\u010de\u0161\u0107e dostave putem online obrazca do 05.12.2022.: https:\/\/www.surveymonkey.com\/r\/CNHHVQ8<\/p>\n\n\n\n<p>Napomena: Udru\u017eenje Mre\u017ea za izgradnju mira kao organizator ovog doga\u0111aja nije u mogu\u0107nosti da snosi putne tro\u0161kove za u\u010desnike_ce koji_e dolaze izvan Banje Luke.<\/p>\n\n\n\n<p>PROGRAM<\/p>\n\n\n\n<p>12:00 \u2013 12:20 Otvaranje i dobrodo\u0161lica<\/p>\n\n\n\n<p>Maida Zagorac, Mre\u017ea za izgradnju mira<br>Snje\u017eana Ivandi\u0107 Ninkovi\u0107, Mre\u017ea za izgradnju mira<\/p>\n\n\n\n<p>12:20 \u2013 13:00 Poruke mladih za mir<\/p>\n\n\n\n<p>Izlaganje i predstavljanje pobjednika_ca Takmi\u010denja<\/p>\n\n\n\n<p>13:00 \u2013 14:00 Dodjela Mirovne nagrade<\/p>\n\n\n\n<p>14:00 \u2013 15:00 Zakuska i razgovor<\/p>\n\n\n\n<p>Preuzeto sa: <a href=\"https:\/\/www.mreza-mira.net\/vijesti\/aktivnosti-mreze\/poziv-za-prijave-dodjela-mirovne-nagrade-goran-bubalo-2022\/\" target=\"_blank\" rel=\"noreferrer noopener\">mreza-mira.net<\/a><\/p>\n","protected":false},"excerpt":{"rendered":"<p>09.12.2022., 12:00 \u2013 15:00 Omladinski dom, Banja Luka Ovogodi\u0161nja, deveta Mirovna nagrada \u201eGoran Bubalo\u201c, dodijelit \u0107e se 09. decembra 2022.<\/p>\n","protected":false},"author":1,"featured_media":25517,"comment_status":"closed","ping_status":"open","sticky":false,"template":"","format":"standard","meta":{"om_disable_all_campaigns":false,"_monsterinsights_skip_tracking":false,"_monsterinsights_sitenote_active":false,"_monsterinsights_sitenote_note":"","_monsterinsights_sitenote_category":0,"footnotes":""},"categories":[370],"tags":[9639,9638],"class_list":["post-25541","post","type-post","status-publish","format-standard","has-post-thumbnail","hentry","category-ostalo","tag-goran-bubalo","tag-mirovna-nagrada"],"jetpack_featured_media_url":"https:\/\/www.mladibl.com\/wp-content\/uploads\/2022\/11\/Mirovna-nagrada-\u201eGoran-Bubalo.jpg","amp_enabled":true,"_links":{"self":[{"href":"https:\/\/www.mladibl.com\/index.php?rest_route=\/wp\/v2\/posts\/25541","targetHints":{"allow":["GET"]}}],"collection":[{"href":"https:\/\/www.mladibl.com\/index.php?rest_route=\/wp\/v2\/posts"}],"about":[{"href":"https:\/\/www.mladibl.com\/index.php?rest_route=\/wp\/v2\/types\/post"}],"author":[{"embeddable":true,"href":"https:\/\/www.mladibl.com\/index.php?rest_route=\/wp\/v2\/users\/1"}],"replies":[{"embeddable":true,"href":"https:\/\/www.mladibl.com\/index.php?rest_route=%2Fwp%2Fv2%2Fcomments&post=25541"}],"version-history":[{"count":1,"href":"https:\/\/www.mladibl.com\/index.php?rest_route=\/wp\/v2\/posts\/25541\/revisions"}],"predecessor-version":[{"id":25542,"href":"https:\/\/www.mladibl.com\/index.php?rest_route=\/wp\/v2\/posts\/25541\/revisions\/25542"}],"wp:featuredmedia":[{"embeddable":true,"href":"https:\/\/www.mladibl.com\/index.php?rest_route=\/wp\/v2\/media\/25517"}],"wp:attachment":[{"href":"https:\/\/www.mladibl.com\/index.php?rest_route=%2Fwp%2Fv2%2Fmedia&parent=25541"}],"wp:term":[{"taxonomy":"category","embeddable":true,"href":"https:\/\/www.mladibl.com\/index.php?rest_route=%2Fwp%2Fv2%2Fcategories&post=25541"},{"taxonomy":"post_tag","embeddable":true,"href":"https:\/\/www.mladibl.com\/index.php?rest_route=%2Fwp%2Fv2%2Ftags&post=25541"}],"curies":[{"name":"wp","href":"https:\/\/api.w.org\/{rel}","templated":true}]}}