{"id":25476,"date":"2022-11-15T23:12:26","date_gmt":"2022-11-15T21:12:26","guid":{"rendered":"https:\/\/www.mladibl.com\/?p=25476"},"modified":"2022-11-15T23:12:27","modified_gmt":"2022-11-15T21:12:27","slug":"braca-teofilovic-i-matija-dedic-u-cetvrtak-u-banskom-dvoru","status":"publish","type":"post","link":"https:\/\/www.mladibl.com\/?p=25476","title":{"rendered":"Bra\u0107a Teofilovi\u0107 i Matija Dedi\u0107 u \u010detvrtak u Banskom dvoru"},"content":{"rendered":"\n<p>U Koncertnoj dvorani Banskog dvora u \u010detvrtak, 17.novembra sa po\u010detkom u 20.00 \u010dasova, koncert \u0107e odr\u017eati Bra\u0107a Teofilovi\u0107 i Matija Dedi\u0107.<\/p>\n\n\n\n<p>-U okviru programa obilje\u017eavanja 90 godina postojanja Banskog dvora pripremili smo jo\u0161 jedan eksluzivan programski sadr\u017eaj \u2013 premijeru i prvo zajedni\u010dko koncertno predstavljanje \u010duvenog vokalnog dvojca Bra\u0107eTeofilovi\u0107 i proslavljenog d\u017eez pijaniste Matija Dedi\u0107. Koncert \u0107e obuhvatiti izvo\u0111enje nekih od najljep\u0161ih narodnih melodija Balkana, stilizovanih i namjenski aran\u017eiranih za klavir i mu\u0161ki dvoglas \u2013 naveli su u saop\u0161tenju Banskog dvora.<\/p>\n\n\n\n<p>Bra\u0107a Ratko i Radi\u0161a Teofilovi\u0107 su jedinstveni izvo\u0111a\u010di drevne srpske i balkanske vokalne muzike. Muzika Teofilovi\u0107a sa\u017eima vijekove tradicionalnog muzi\u010dkog naslje\u0111a i evocira duh cjelokupnog regiona.<\/p>\n\n\n\n<p>Sa druge strane, Matija Dedi\u0107 jedan je od najpoznatijih hrvatskih d\u017eez muzi\u010dara mla\u0111e generacije.<\/p>\n\n\n\n<p>Klavir je po\u010deo u\u010diti sa pet godina.<\/p>\n\n\n\n<p>Budu\u0107i da je odrastao u muzi\u010dkoj porodici, uz majku pjeva\u010dicu Gabi Novak i oca kantautora Arsena Dedi\u0107a, od malena je bio izlo\u017een uticajima raznih muzi\u010dkih \u017eanrova. Rano je otkrio d\u017eez spoznav\u0161i velike mogu\u0107nosti apstraktnog i li\u010dnog pogleda na muziku.<\/p>\n\n\n\n<p>Ulaznice za koncert po cijeni od 10 KM mogu se kupiti na biletarnici Banskog dvora svakim radnim danom u periodu od 12.00 do 18.00 \u010dasova.<\/p>\n\n\n\n<p>Preuzeto sa: <a href=\"https:\/\/www.banjaluka.rs.ba\/braca-teofilovic-i-matija-dedic-u-cetvrtak-u-banskom-dvoru\/\" target=\"_blank\" rel=\"noreferrer noopener\">Grad Banja Luka<\/a><\/p>\n","protected":false},"excerpt":{"rendered":"<p>U Koncertnoj dvorani Banskog dvora u \u010detvrtak, 17.novembra sa po\u010detkom u 20.00 \u010dasova, koncert \u0107e odr\u017eati Bra\u0107a Teofilovi\u0107 i Matija<\/p>\n","protected":false},"author":1,"featured_media":25488,"comment_status":"closed","ping_status":"open","sticky":false,"template":"","format":"standard","meta":{"om_disable_all_campaigns":false,"_monsterinsights_skip_tracking":false,"_monsterinsights_sitenote_active":false,"_monsterinsights_sitenote_note":"","_monsterinsights_sitenote_category":0,"footnotes":""},"categories":[2],"tags":[881,9959,3536,9960],"class_list":["post-25476","post","type-post","status-publish","format-standard","has-post-thumbnail","hentry","category-vijesti","tag-banski-dvor","tag-braca-teofilovic","tag-koncert","tag-matija-dedic"],"jetpack_featured_media_url":"https:\/\/www.mladibl.com\/wp-content\/uploads\/2022\/11\/Braca-Teofilovic-i-Matija-Dedic-u-cetvrtak-u-Banskom-dvoru.jpg","amp_enabled":true,"_links":{"self":[{"href":"https:\/\/www.mladibl.com\/index.php?rest_route=\/wp\/v2\/posts\/25476","targetHints":{"allow":["GET"]}}],"collection":[{"href":"https:\/\/www.mladibl.com\/index.php?rest_route=\/wp\/v2\/posts"}],"about":[{"href":"https:\/\/www.mladibl.com\/index.php?rest_route=\/wp\/v2\/types\/post"}],"author":[{"embeddable":true,"href":"https:\/\/www.mladibl.com\/index.php?rest_route=\/wp\/v2\/users\/1"}],"replies":[{"embeddable":true,"href":"https:\/\/www.mladibl.com\/index.php?rest_route=%2Fwp%2Fv2%2Fcomments&post=25476"}],"version-history":[{"count":1,"href":"https:\/\/www.mladibl.com\/index.php?rest_route=\/wp\/v2\/posts\/25476\/revisions"}],"predecessor-version":[{"id":25489,"href":"https:\/\/www.mladibl.com\/index.php?rest_route=\/wp\/v2\/posts\/25476\/revisions\/25489"}],"wp:featuredmedia":[{"embeddable":true,"href":"https:\/\/www.mladibl.com\/index.php?rest_route=\/wp\/v2\/media\/25488"}],"wp:attachment":[{"href":"https:\/\/www.mladibl.com\/index.php?rest_route=%2Fwp%2Fv2%2Fmedia&parent=25476"}],"wp:term":[{"taxonomy":"category","embeddable":true,"href":"https:\/\/www.mladibl.com\/index.php?rest_route=%2Fwp%2Fv2%2Fcategories&post=25476"},{"taxonomy":"post_tag","embeddable":true,"href":"https:\/\/www.mladibl.com\/index.php?rest_route=%2Fwp%2Fv2%2Ftags&post=25476"}],"curies":[{"name":"wp","href":"https:\/\/api.w.org\/{rel}","templated":true}]}}