{"id":25413,"date":"2022-11-13T20:28:10","date_gmt":"2022-11-13T18:28:10","guid":{"rendered":"https:\/\/www.mladibl.com\/?p=25413"},"modified":"2022-11-13T20:28:11","modified_gmt":"2022-11-13T18:28:11","slug":"pogledajte-termine-posjete-izlozbi-vrbaska-banovina-obrisi-tragovi-odjeci","status":"publish","type":"post","link":"https:\/\/www.mladibl.com\/?p=25413","title":{"rendered":"Pogledajte termine posjete izlo\u017ebi \u201eVrbaska banovina \u2013 obrisi, tragovi, odjeci\u201c"},"content":{"rendered":"\n<p>Veliko je interesovanje za novootvorenu stalnu izlo\u017ebenu postavku \u201eVrbaska banovina \u2013 obrisi, tragovi, odjeci\u201c Fondacije \u201eDr Todor Lazarevi\u0107, ban Vrbaske banovine\u201c.<\/p>\n\n\n\n<p>Iz Banskog dvora obavje\u0161tavaju sve zainteresovane da izlo\u017ebu mogu posjetiti u ovoj ustanovi kulture na drugom spratu u nekada\u0161njem apartmanu kralja Aleksandra.<\/p>\n\n\n\n<p>Izlo\u017ebu je mogu\u0107e posjetiti u sljede\u0107im terminima, kada \u0107e posjetiocima biti obezbije\u0111eno i stru\u010dno vo\u0111enje kroz izlo\u017ebu:<\/p>\n\n\n\n<ul class=\"wp-block-list\">\n<li>utorak i srijeda \u2013 u periodu od 10.00 do 13.00 i od 17.30 do 20.30 \u010dasova;<\/li>\n\n\n\n<li>\u010detvrtak \u2013 dan za najavljene posjete u periodu od 10.00 do 12.00 \u010dasova;<\/li>\n\n\n\n<li>petak \u2013 od 10.00 do 14.00 \u010dasova;<\/li>\n\n\n\n<li>subota -od 10.00 do 13.00 \u010dasova.<\/li>\n<\/ul>\n\n\n\n<p>Podsje\u0107amo, <strong><a href=\"https:\/\/www.banjaluka.rs.ba\/obiljzavanje-90-godina-banskog-dvora-gradonacenik-posjetio-izlozbu-vrbaska-banovina\/\" target=\"_blank\" rel=\"noreferrer noopener\">izlo\u017ebena postavka \u201eVrbaska banovina\u2013 obrisi, tragovi, odjeci\u201c Fondacije \u201eDr Todor Lazarevi\u0107, ban Vrbaske banovine\u201c<\/a><\/strong> skida istorijsku pra\u0161inu sa najprosperitetnijeg perioda u razvoju Banje Luke i Krajine, a okosnicu ove postavke \u010dini zaostav\u0161tina \u010detvrtog po redu bana Vrbaske banovine, dr Todora Lazarevi\u0107a, zaostav\u0161tina njegove, ali i porodica sa kojima se orodio: Dobra\u0161a, Miljevi\u0107a, \u0160o\u0161tari\u0107a, Du\u0161ani\u0107a, Petrovi\u0107a\u2026<\/p>\n\n\n\n<p>Preuzeto sa: <a href=\"https:\/\/www.banjaluka.rs.ba\/pogledajte-termine-posjete-izlozbi\/\" target=\"_blank\" rel=\"noreferrer noopener\">Grad Banja Luka<\/a><\/p>\n","protected":false},"excerpt":{"rendered":"<p>Veliko je interesovanje za novootvorenu stalnu izlo\u017ebenu postavku \u201eVrbaska banovina \u2013 obrisi, tragovi, odjeci\u201c Fondacije \u201eDr Todor Lazarevi\u0107, ban Vrbaske<\/p>\n","protected":false},"author":1,"featured_media":25410,"comment_status":"closed","ping_status":"open","sticky":false,"template":"","format":"standard","meta":{"om_disable_all_campaigns":false,"_monsterinsights_skip_tracking":false,"_monsterinsights_sitenote_active":false,"_monsterinsights_sitenote_note":"","_monsterinsights_sitenote_category":0,"footnotes":""},"categories":[2],"tags":[881,699,9929],"class_list":["post-25413","post","type-post","status-publish","format-standard","has-post-thumbnail","hentry","category-vijesti","tag-banski-dvor","tag-izlozba","tag-vrbaska-banovina"],"jetpack_featured_media_url":"https:\/\/www.mladibl.com\/wp-content\/uploads\/2022\/11\/Pogledajte-termine-posjete-izlozbi-\u201eVrbaska-banovina-\u2013-obrisi-tragovi-odjeci.jpg","amp_enabled":true,"_links":{"self":[{"href":"https:\/\/www.mladibl.com\/index.php?rest_route=\/wp\/v2\/posts\/25413","targetHints":{"allow":["GET"]}}],"collection":[{"href":"https:\/\/www.mladibl.com\/index.php?rest_route=\/wp\/v2\/posts"}],"about":[{"href":"https:\/\/www.mladibl.com\/index.php?rest_route=\/wp\/v2\/types\/post"}],"author":[{"embeddable":true,"href":"https:\/\/www.mladibl.com\/index.php?rest_route=\/wp\/v2\/users\/1"}],"replies":[{"embeddable":true,"href":"https:\/\/www.mladibl.com\/index.php?rest_route=%2Fwp%2Fv2%2Fcomments&post=25413"}],"version-history":[{"count":1,"href":"https:\/\/www.mladibl.com\/index.php?rest_route=\/wp\/v2\/posts\/25413\/revisions"}],"predecessor-version":[{"id":25414,"href":"https:\/\/www.mladibl.com\/index.php?rest_route=\/wp\/v2\/posts\/25413\/revisions\/25414"}],"wp:featuredmedia":[{"embeddable":true,"href":"https:\/\/www.mladibl.com\/index.php?rest_route=\/wp\/v2\/media\/25410"}],"wp:attachment":[{"href":"https:\/\/www.mladibl.com\/index.php?rest_route=%2Fwp%2Fv2%2Fmedia&parent=25413"}],"wp:term":[{"taxonomy":"category","embeddable":true,"href":"https:\/\/www.mladibl.com\/index.php?rest_route=%2Fwp%2Fv2%2Fcategories&post=25413"},{"taxonomy":"post_tag","embeddable":true,"href":"https:\/\/www.mladibl.com\/index.php?rest_route=%2Fwp%2Fv2%2Ftags&post=25413"}],"curies":[{"name":"wp","href":"https:\/\/api.w.org\/{rel}","templated":true}]}}