{"id":2537,"date":"2020-08-25T12:18:18","date_gmt":"2020-08-25T10:18:18","guid":{"rendered":"http:\/\/www.mladibl.com\/?p=2537"},"modified":"2020-08-25T12:18:20","modified_gmt":"2020-08-25T10:18:20","slug":"humanitarna-akcija-nasim-dacima","status":"publish","type":"post","link":"https:\/\/www.mladibl.com\/?p=2537","title":{"rendered":"Humanitarna akcija &#8220;Na\u0161im \u0111acima&#8221;"},"content":{"rendered":"\n<p>Crveni krst Banja Luka organizuje humanitarnu akciju prikupljanja \u0161kolskog pribora, koji \u0107e biti uru\u010den \u0111acima koji, zbog porodi\u010dne finansijske situacije, nemaju mogu\u0107nost da potpuno spremni do\u010dekaju po\u010detak ove \u0161kolske godine, koja je sama po sebi neobi\u010dna.<\/p>\n\n\n\n<p>Bilo koju vrstu \u0161kolskog pribora mo\u017eete predati u prostorije Crvenog krsta Banja Luka (prekoputa parka &#8220;Mladen Stojanovi\u0107&#8221;) u periodu od 10 do 15 \u010dasova i od 18 do 2o \u010dasova, od 26. do 28. avgusta 2002. godine.<\/p>\n\n\n\n<p>Izdvojite vrijeme i dajte svom doprinos.<\/p>\n\n\n\n<p><strong><em>NA\u0160IM \u0110ACIMA<\/em><\/strong><\/p>\n\n\n\n<p>Preuzeto sa: <a href=\"https:\/\/www.instagram.com\/p\/CERy8_fhOJy\/?igshid=1o2zdmz5koadg\" target=\"_blank\" rel=\"noreferrer noopener\" aria-label=\"Instagram - Crveni krst Banja Luka (opens in a new tab)\">Instagram &#8211; Crveni krst Banja Luka<\/a><\/p>\n","protected":false},"excerpt":{"rendered":"<p>Crveni krst Banja Luka organizuje humanitarnu akciju prikupljanja \u0161kolskog pribora, koji \u0107e biti uru\u010den \u0111acima koji, zbog porodi\u010dne finansijske situacije,<\/p>\n","protected":false},"author":1,"featured_media":2538,"comment_status":"closed","ping_status":"open","sticky":false,"template":"","format":"standard","meta":{"om_disable_all_campaigns":false,"_monsterinsights_skip_tracking":false,"_monsterinsights_sitenote_active":false,"_monsterinsights_sitenote_note":"","_monsterinsights_sitenote_category":0,"footnotes":""},"categories":[449],"tags":[53,402,742,1147],"class_list":["post-2537","post","type-post","status-publish","format-standard","has-post-thumbnail","hentry","category-organizacije","tag-banja-luka","tag-crveni-krst","tag-humanitarna-akcija","tag-nasim-dacima"],"jetpack_featured_media_url":"https:\/\/www.mladibl.com\/wp-content\/uploads\/2020\/08\/CKBL-Humanitarna-akcija-Na\u0161im-\u0111acima.jpg","amp_enabled":true,"_links":{"self":[{"href":"https:\/\/www.mladibl.com\/index.php?rest_route=\/wp\/v2\/posts\/2537","targetHints":{"allow":["GET"]}}],"collection":[{"href":"https:\/\/www.mladibl.com\/index.php?rest_route=\/wp\/v2\/posts"}],"about":[{"href":"https:\/\/www.mladibl.com\/index.php?rest_route=\/wp\/v2\/types\/post"}],"author":[{"embeddable":true,"href":"https:\/\/www.mladibl.com\/index.php?rest_route=\/wp\/v2\/users\/1"}],"replies":[{"embeddable":true,"href":"https:\/\/www.mladibl.com\/index.php?rest_route=%2Fwp%2Fv2%2Fcomments&post=2537"}],"version-history":[{"count":1,"href":"https:\/\/www.mladibl.com\/index.php?rest_route=\/wp\/v2\/posts\/2537\/revisions"}],"predecessor-version":[{"id":2539,"href":"https:\/\/www.mladibl.com\/index.php?rest_route=\/wp\/v2\/posts\/2537\/revisions\/2539"}],"wp:featuredmedia":[{"embeddable":true,"href":"https:\/\/www.mladibl.com\/index.php?rest_route=\/wp\/v2\/media\/2538"}],"wp:attachment":[{"href":"https:\/\/www.mladibl.com\/index.php?rest_route=%2Fwp%2Fv2%2Fmedia&parent=2537"}],"wp:term":[{"taxonomy":"category","embeddable":true,"href":"https:\/\/www.mladibl.com\/index.php?rest_route=%2Fwp%2Fv2%2Fcategories&post=2537"},{"taxonomy":"post_tag","embeddable":true,"href":"https:\/\/www.mladibl.com\/index.php?rest_route=%2Fwp%2Fv2%2Ftags&post=2537"}],"curies":[{"name":"wp","href":"https:\/\/api.w.org\/{rel}","templated":true}]}}