{"id":25314,"date":"2022-11-09T19:54:24","date_gmt":"2022-11-09T17:54:24","guid":{"rendered":"https:\/\/www.mladibl.com\/?p=25314"},"modified":"2022-11-09T19:54:26","modified_gmt":"2022-11-09T17:54:26","slug":"obiljezavanje-svjetskog-dana-borbe-protiv-dijabetesa-u-banjoj-luci","status":"publish","type":"post","link":"https:\/\/www.mladibl.com\/?p=25314","title":{"rendered":"Obilje\u017eavanje Svjetskog dana borbe protiv dijabetesa u Banjoj Luci"},"content":{"rendered":"\n<p>U susret 14. novembru \u2013 Svjetskom danu borbe protiv dijabetesa, Udru\u017eenje osoba oboljelih od dijabetesa \u201cDiabetNo1\u2033 \u0107e i ove godine obilje\u017eiti ovaj zna\u010dajan datum za sve oboljele od dijabetesa, kako bi im se pru\u017eila potrebna podr\u0161ka, a pogotovo djeci i omladini oboljeloj od dijabetesa Tip 1 u \u010ditavoj Republici Srpskoj.<\/p>\n\n\n\n<p>-Obilje\u017eavanjem Svjetskog dana borbe protiv dijabetesa \u2013 14. novembra \u017eelimo podi\u0107i svijest dru\u0161tva o \u017eivotu osoba sa dijabetesom i u\u010diniti ovu bolest vidljivijom, jer iako se sa dijabetesom mo\u017ee kvalitetno \u017eivjeti, to ne zna\u010di da ova bolest sa sobom ne donosi i mnogobrojne izazove, a pogotovo ukoliko se ne trudimo da pobolj\u0161amo zdravstvenu za\u0161titu svih oboljelih. Pojedine osobe sa dijabetesom svakodnevno su izlo\u017eene stigmatizaciji dru\u0161tva i to isklju\u010divo zbog nedovoljne edukacije o dijabetesu \u2013 navedeno je u saop\u0161tenju Udru\u017eenja.<\/p>\n\n\n\n<p>Upravo zbog toga, ovo Udru\u017eenje je odlu\u010dilo da \u201eSvjetski dan borbe protiv dijabetesa \u2013 14. novembar\u201c obilje\u017ei kroz razne aktivnosti, koje \u0107e trajati nekoliko dana, a koje \u0107e obuhvatati pomo\u0107i starijoj populaciji, organizaciju uli\u010dne trke, te aktivnosti za na\u0161e najmla\u0111e \u010dlanove i sli\u010dno.<\/p>\n\n\n\n<p>-Ovom prilikom pozivamo vas da do\u0111ete na konferenciju za novinare, na kojoj \u0107emo govoriti o zna\u010daju i programu obilje\u017eavanja Svjetskog dana borbe protiv dijabetesa, a ista \u0107e se odr\u017eati u \u010detvrtak, 10. novembra sa po\u010detom u 10.00 \u010dasova u Domu omladine \u2013 poru\u010duju predstavnici ovog Udru\u017eenja.<\/p>\n\n\n\n<p>Na konferenciji za novinare prisutnima \u0107e se ispred Grada obratiti savjetnica gradona\u010delnika za kulturu i socijalnu politiku, Mirna Savi\u0107-Banjac.<\/p>\n\n\n\n<p>Program obilje\u017eavanja Svjetskog dana borbe protiv dijabetesa pogledajte <strong><a href=\"https:\/\/www.banjaluka.rs.ba\/wp-content\/uploads\/2022\/11\/Flajer-Program-obilje%C5%BEavanja-SDD.pdf\" target=\"_blank\" rel=\"noreferrer noopener\">OVDJE<\/a><\/strong>.<\/p>\n\n\n\n<p>Preuzeto sa: <a href=\"https:\/\/www.banjaluka.rs.ba\/obiljezavanje-svjetskog-dana-dijabetesa-u-banjoj-luci\/\" target=\"_blank\" rel=\"noreferrer noopener\">Grad Banja Luka<\/a><\/p>\n","protected":false},"excerpt":{"rendered":"<p>U susret 14. novembru \u2013 Svjetskom danu borbe protiv dijabetesa, Udru\u017eenje osoba oboljelih od dijabetesa \u201cDiabetNo1\u2033 \u0107e i ove godine<\/p>\n","protected":false},"author":1,"featured_media":25326,"comment_status":"closed","ping_status":"open","sticky":false,"template":"","format":"standard","meta":{"om_disable_all_campaigns":false,"_monsterinsights_skip_tracking":false,"_monsterinsights_sitenote_active":false,"_monsterinsights_sitenote_note":"","_monsterinsights_sitenote_category":0,"footnotes":""},"categories":[2],"tags":[53,9942,1255,725],"class_list":["post-25314","post","type-post","status-publish","format-standard","has-post-thumbnail","hentry","category-vijesti","tag-banja-luka","tag-borba-protiv-dijabetesa","tag-obiljezavanje","tag-svjetski-dan"],"jetpack_featured_media_url":"https:\/\/www.mladibl.com\/wp-content\/uploads\/2022\/11\/Obiljezavanje-Svjetskog-dana-borbe-protiv-dijabetesa-u-Banjoj-Luci.jpg","amp_enabled":true,"_links":{"self":[{"href":"https:\/\/www.mladibl.com\/index.php?rest_route=\/wp\/v2\/posts\/25314","targetHints":{"allow":["GET"]}}],"collection":[{"href":"https:\/\/www.mladibl.com\/index.php?rest_route=\/wp\/v2\/posts"}],"about":[{"href":"https:\/\/www.mladibl.com\/index.php?rest_route=\/wp\/v2\/types\/post"}],"author":[{"embeddable":true,"href":"https:\/\/www.mladibl.com\/index.php?rest_route=\/wp\/v2\/users\/1"}],"replies":[{"embeddable":true,"href":"https:\/\/www.mladibl.com\/index.php?rest_route=%2Fwp%2Fv2%2Fcomments&post=25314"}],"version-history":[{"count":1,"href":"https:\/\/www.mladibl.com\/index.php?rest_route=\/wp\/v2\/posts\/25314\/revisions"}],"predecessor-version":[{"id":25327,"href":"https:\/\/www.mladibl.com\/index.php?rest_route=\/wp\/v2\/posts\/25314\/revisions\/25327"}],"wp:featuredmedia":[{"embeddable":true,"href":"https:\/\/www.mladibl.com\/index.php?rest_route=\/wp\/v2\/media\/25326"}],"wp:attachment":[{"href":"https:\/\/www.mladibl.com\/index.php?rest_route=%2Fwp%2Fv2%2Fmedia&parent=25314"}],"wp:term":[{"taxonomy":"category","embeddable":true,"href":"https:\/\/www.mladibl.com\/index.php?rest_route=%2Fwp%2Fv2%2Fcategories&post=25314"},{"taxonomy":"post_tag","embeddable":true,"href":"https:\/\/www.mladibl.com\/index.php?rest_route=%2Fwp%2Fv2%2Ftags&post=25314"}],"curies":[{"name":"wp","href":"https:\/\/api.w.org\/{rel}","templated":true}]}}