{"id":25298,"date":"2022-11-09T10:09:57","date_gmt":"2022-11-09T08:09:57","guid":{"rendered":"https:\/\/www.mladibl.com\/?p=25298"},"modified":"2022-11-09T10:09:58","modified_gmt":"2022-11-09T08:09:58","slug":"dobar-pocetak-s-medijima-usmjerene-radionice-za-edukativni-rad-s-djecom","status":"publish","type":"post","link":"https:\/\/www.mladibl.com\/?p=25298","title":{"rendered":"Dobar po\u010detak s medijima: usmjerene radionice za edukativni rad s djecom"},"content":{"rendered":"\n<p>Mediacentar Sarajevo i organizacija Transition iz Praga, organizuju online radionice za edukatore i edukatorice u oblasti medijske pismenosti usmjeravaju\u0107i se na dodirne ta\u010dke izme\u0111u nastavni\u010dke i novinarske profesije. Cilj treninga je obu\u010diti nastavnike i nastavnice o pozitivnim i negativnim aspektima medija i medijskog sadr\u017eaja, te o na\u010dinima na koji djeca, njihovi roditelji i nastavno osoblje mogu poticati razvijanje dobrih medijskih navika i usmjeriti djecu za samostalno i odgovorno kori\u0161tenje medija.<\/p>\n\n\n\n<p>Obuka se sastoji od razli\u010ditih modula, a zbog strukture treninga i neophodne interakcije sa polaznicima, broj u\u010desnika je ograni\u010den. Molimo vas da odaberete temu i termin za obuku u vremenskom periodu koji vama odgovara i izvr\u0161ite registraciju putem linka koji se nalazi u opisu svakog modula.<\/p>\n\n\n\n<p>Za sva dodatna pitanja pi\u0161ite nam na <strong><a href=\"mailto:kontakt@media.ba\" target=\"_blank\" rel=\"noreferrer noopener\">kontakt@media.ba<\/a><\/strong>.<\/p>\n\n\n\n<p>MODUL 1 Medijsko okru\u017eenje u BiH: Kako u\u010diti djecu o medijima<\/p>\n\n\n\n<p>ponedjeljak, 14.11.2022. godine od 16:00 do 17:00h<br>Registrujte se <strong><a href=\"https:\/\/us02web.zoom.us\/meeting\/register\/tZcsdu2hrTMrHtTsaE6-IvxesSEcpa2-zsjQ\" target=\"_blank\" rel=\"noreferrer noopener\">OVDJE<\/a><\/strong><\/p>\n\n\n\n<p>Kakve medije imamo u BiH, koliko ih je i kako su regulisani? Kako djeci razli\u010ditih uzrasta predstavljamo medije? Modul predvi\u0111a kratki teoretki okvir i prikaz prakti\u010dnih radionica\/aktivnosti koje se mogu raditi sa djecom na temu medija.<\/p>\n\n\n\n<p>Voditeljica radionice: dr.sci. Vesima \u010ci\u010dku\u0161i\u0107, ekspertica za medijsku pismenost<\/p>\n\n\n\n<p>MODUL 2 Za\u0161tita djece u digitalnom okru\u017eenju<\/p>\n\n\n\n<p>(odaberite jedan od dva ponu\u0111ena termina)<br>utorak, 15. 11.2022. godine od 16:00 do 17:00h \u2013registrujte se <strong><a href=\"https:\/\/us02web.zoom.us\/meeting\/register\/tZIkfu2oqDsrGNArlas7B95w9jFHMRZuniR4\" target=\"_blank\" rel=\"noreferrer noopener\">OVDJE<\/a><\/strong><br>petak, 2.12.2022. godine od 16:00 do 17:00h \u2013 registrujte se <strong><a href=\"https:\/\/us02web.zoom.us\/meeting\/register\/tZwvdu-oqj8iEtJvz-BMQ-3neZI5jBhwrT56\" target=\"_blank\" rel=\"noreferrer noopener\">OVDJE<\/a><\/strong><\/p>\n\n\n\n<p>\u0160ta se sve smatra nasiljem putem interneta i koje posljedice mo\u017ee da ima na mentalno zdravlje djece? Kako za\u0161titi djecu i maloljetnike u digitalnom okru\u017eenju i kako sigurno korisiti digitalne tehnologije? \u0160ta mo\u017eemo u\u010diniti da preveniramo nasilje na internetu, a kako postupiti u slu\u010daju nasilja i online uznemiravanja?<\/p>\n\n\n\n<p>Voditeljice radionice: Maja Kova\u010devi\u0107 i Bobana Popovi\u0107, savjetnice na Savjetodavnoj liniji &#8220;Plavi telefon&#8221;<\/p>\n\n\n\n<p>MODUL 3 Ogled o novinarskoj i nastavni\u010dkoj profesija<\/p>\n\n\n\n<p>Srijeda, 30.11.2022. od 16:00 do 17:00h registrujte se <strong><a href=\"https:\/\/us02web.zoom.us\/meeting\/register\/tZYuduutqj4pHNBy90eD2WdJt_X0Xmfh7zW-\" target=\"_blank\" rel=\"noreferrer noopener\">OVDJE<\/a><\/strong><\/p>\n\n\n\n<p>\u0160ta su dodirne ta\u010dke novinarske i nastavni\u010dke profesije? Mo\u017eemo li novinarstvom potaknuti dje\u010dije istra\u017eiva\u010dke navike? Kakvi su stavovi o novinarskom pozivu i nastavni\u010dkom pozivu? Tijekom ovog modula razmijenit \u0107emo nekoliko ideja i primjera o tome kako predstaviti novinarstvo u u\u010dionici, te kako uklju\u010diti djecu u izradu medijskog sadr\u017eaja.<\/p>\n\n\n\n<p>Voditelj radionice: Nedim Kraji\u0161nik, Step by Step<\/p>\n\n\n\n<p>MODUL 4 Verifikacija sadr\u017eaja na internetu<\/p>\n\n\n\n<p>(odaberite jedan od dva ponu\u0111ena termina)<br>srijeda, 16.11.2022 godine od 16:00 do 17:00h, registrujte se <strong><a href=\"https:\/\/us02web.zoom.us\/meeting\/register\/tZwpdeGorTsqGNbQ3uJoPeWJtR7pxTHiI_lw\" target=\"_blank\" rel=\"noreferrer noopener\">OVDJE<\/a><\/strong><br>\u010detvrtak, 1.12.2022 od 16:30 do 17:30h, registrujte se <strong><a href=\"https:\/\/us02web.zoom.us\/meeting\/register\/tZ0vcuCqqzkoH9xwZ1mAH6YeAXQwv8wRC43y\" target=\"_blank\" rel=\"noreferrer noopener\">OVDJE<\/a><\/strong><\/p>\n\n\n\n<p>Kako pristupamo informacijama na internetu, fake news i kako im se oduprijeti, koraci u provjeravanju informacija, na\u0161a odgovornost pri dijeljenju la\u017enog sadr\u017eaja na dru\u0161tvenim mre\u017eama, prakti\u010dni savjeti provjere informacija, predstavljanje platformi za factchecking?<\/p>\n\n\n\n<p>Prezentacija o alatima za pretragu koji mogu biti korisni za rad sa u\u010denicima: Google (trikovi za naprednu pretragu), Google maps, Wayback machine, Diffchecker i Quetext.<\/p>\n\n\n\n<p>Voditelj radionice: Stefan Janji\u0107, urednik, FakeNews Traga\u010d<\/p>\n\n\n\n<p>Mediacentar organizuje radionice kroz projekat \u201cIzgradnja otpornosti na dezinformacije: program obuke za porodice, nastavnike, novinare i \u0161iru javnost\u201d, kojeg implementira u partnerstvu s organizacijom \u201cTransitions\u201d iz Praga, uz finansijsku podr\u0161ku Programa za promociju tranzicije Vlade Republike \u010ce\u0161ke.<\/p>\n\n\n\n<p>Preuzeto sa: <a href=\"https:\/\/media.ba\/bs\/event\/dobar-pocetak-s-medijima-usmjerene-radionice-za-edukativni-rad-s-djecom\" target=\"_blank\" rel=\"noreferrer noopener\">media.ba<\/a><\/p>\n","protected":false},"excerpt":{"rendered":"<p>Mediacentar Sarajevo i organizacija Transition iz Praga, organizuju online radionice za edukatore i edukatorice u oblasti medijske pismenosti usmjeravaju\u0107i se<\/p>\n","protected":false},"author":1,"featured_media":25283,"comment_status":"closed","ping_status":"open","sticky":false,"template":"","format":"standard","meta":{"om_disable_all_campaigns":false,"_monsterinsights_skip_tracking":false,"_monsterinsights_sitenote_active":false,"_monsterinsights_sitenote_note":"","_monsterinsights_sitenote_category":0,"footnotes":""},"categories":[4],"tags":[42,247,902],"class_list":["post-25298","post","type-post","status-publish","format-standard","has-post-thumbnail","hentry","category-edukacija","tag-djeca","tag-mediji","tag-radionice"],"jetpack_featured_media_url":"https:\/\/www.mladibl.com\/wp-content\/uploads\/2022\/11\/Dobar-pocetak-s-medijima-usmjerene-radionice-za-edukativni-rad-s-djecom.jpg","amp_enabled":true,"_links":{"self":[{"href":"https:\/\/www.mladibl.com\/index.php?rest_route=\/wp\/v2\/posts\/25298","targetHints":{"allow":["GET"]}}],"collection":[{"href":"https:\/\/www.mladibl.com\/index.php?rest_route=\/wp\/v2\/posts"}],"about":[{"href":"https:\/\/www.mladibl.com\/index.php?rest_route=\/wp\/v2\/types\/post"}],"author":[{"embeddable":true,"href":"https:\/\/www.mladibl.com\/index.php?rest_route=\/wp\/v2\/users\/1"}],"replies":[{"embeddable":true,"href":"https:\/\/www.mladibl.com\/index.php?rest_route=%2Fwp%2Fv2%2Fcomments&post=25298"}],"version-history":[{"count":1,"href":"https:\/\/www.mladibl.com\/index.php?rest_route=\/wp\/v2\/posts\/25298\/revisions"}],"predecessor-version":[{"id":25299,"href":"https:\/\/www.mladibl.com\/index.php?rest_route=\/wp\/v2\/posts\/25298\/revisions\/25299"}],"wp:featuredmedia":[{"embeddable":true,"href":"https:\/\/www.mladibl.com\/index.php?rest_route=\/wp\/v2\/media\/25283"}],"wp:attachment":[{"href":"https:\/\/www.mladibl.com\/index.php?rest_route=%2Fwp%2Fv2%2Fmedia&parent=25298"}],"wp:term":[{"taxonomy":"category","embeddable":true,"href":"https:\/\/www.mladibl.com\/index.php?rest_route=%2Fwp%2Fv2%2Fcategories&post=25298"},{"taxonomy":"post_tag","embeddable":true,"href":"https:\/\/www.mladibl.com\/index.php?rest_route=%2Fwp%2Fv2%2Ftags&post=25298"}],"curies":[{"name":"wp","href":"https:\/\/api.w.org\/{rel}","templated":true}]}}