{"id":25239,"date":"2022-11-08T00:46:55","date_gmt":"2022-11-07T22:46:55","guid":{"rendered":"https:\/\/www.mladibl.com\/?p=25239"},"modified":"2022-11-08T00:46:56","modified_gmt":"2022-11-07T22:46:56","slug":"90-godina-rada-i-postojanja-izlozbena-postavka-vrbaska-banovina-obrisi-tragovi-odjeci-u-banskom-dvoru","status":"publish","type":"post","link":"https:\/\/www.mladibl.com\/?p=25239","title":{"rendered":"90 godina rada i postojanja: Izlo\u017ebena postavka \u201eVrbaska banovina \u2013 obrisi, tragovi, odjeci\u201c u Banskom dvoru"},"content":{"rendered":"\n<p>Povodom obilje\u017eavanja zna\u010dajnog jubileja \u2013 90 godina postojanja i rada Banskog dvora, sutra, 8. novembra, bi\u0107e predstavljanjen novi prostor za kulturne namjene \u2013 stalne izlo\u017ebene postavke 90 godina rada i postojanja izlo\u017ebena postavka \u201eVrbaska banovina\u2013 obrisi, tragovi, odjeci\u201c u Banskom dvoru, Fondacije \u201eDr Todor Lazarevi\u0107, ban Vrbaske banovine\u201c.<\/p>\n\n\n\n<p>-Predstavljanje izlo\u017ebene postavke \u0107e biti realizovano na drugom spratu Banskog dvora, u nekada\u0161njem apartmanu kralja Aleksandra sa po\u010detkom u 19.00 \u010dasova \u2013 navedeno je u saop\u0161tenju Banskog dvora, te dodaju kako \u0107e postakva za javnost biti otvorena od srijede 9. novembra.<\/p>\n\n\n\n<p>Izlo\u017ebena postavka \u201eVrbaska banovina\u2013 obrisi, tragovi, odjeci\u201c Fondacije \u201eDr Todor Lazarevi\u0107, ban Vrbaske banovine\u201c skida istorijsku pra\u0161inu sa najprosperitetnijeg perioda u razvoju Banje Luke i Krajine.<\/p>\n\n\n\n<p>-Ona predstavlja nostalgi\u010dno putovanje u ne tako davno vrijeme, koje iz dana\u0161nje perspektive, ljudima umornim od u\u017eurbane monotonije svakodnevice, izgleda nestvarno i gotovo bajkovito. Vodi nas u period izme\u0111u dva svjetska rata, sa akcentom na Vrbasku banovinu u Kraljevini Jugoslaviji, kada su Krajina i Bnja Luka, kao njen centar nakon vi\u0161evjekovnog zlostavljanja okupatora ali i zanemarivanja doma\u0107ih vlastodr\u017eaca, dobili i iskoristili priliku da poka\u017eu \u0161ta znaju i mogu u svim segmentima \u017eivota \u2013 dodaju u saop\u0161tenju.<\/p>\n\n\n\n<p>Dodaju kako okosnicu postavke \u010dini zaostav\u0161tina \u010detvrtog po redu bana Vrbaske banovine, dr Todora Lazarevi\u0107a, zaostav\u0161tina njegove ali i porodica sa kojima se orodio: Dobra\u0161a, Miljevi\u0107a, \u0160o\u0161tari\u0107a, Du\u0161ani\u0107a, Petrovi\u0107a\u2026<\/p>\n\n\n\n<p>Preuzeto sa: <a href=\"https:\/\/www.banjaluka.rs.ba\/90-godina-rada-i-postojanja-izlozbena-postavka-vrbaska-banovina-obrisi-tragovi-odjeci-u-banskom-dvoru\/\" target=\"_blank\" rel=\"noreferrer noopener\">Grad Banja Luka<\/a><\/p>\n","protected":false},"excerpt":{"rendered":"<p>Povodom obilje\u017eavanja zna\u010dajnog jubileja \u2013 90 godina postojanja i rada Banskog dvora, sutra, 8. novembra, bi\u0107e predstavljanjen novi prostor za<\/p>\n","protected":false},"author":1,"featured_media":25251,"comment_status":"closed","ping_status":"open","sticky":false,"template":"","format":"standard","meta":{"om_disable_all_campaigns":false,"_monsterinsights_skip_tracking":false,"_monsterinsights_sitenote_active":false,"_monsterinsights_sitenote_note":"","_monsterinsights_sitenote_category":0,"footnotes":""},"categories":[2],"tags":[1350,881,9928,9929],"class_list":["post-25239","post","type-post","status-publish","format-standard","has-post-thumbnail","hentry","category-vijesti","tag-90-godina","tag-banski-dvor","tag-postavka","tag-vrbaska-banovina"],"jetpack_featured_media_url":"https:\/\/www.mladibl.com\/wp-content\/uploads\/2022\/11\/Izlozbena-postavka-\u201eVrbaska-banovina-\u2013-obrisi-tragovi-odjeci-u-Banskom-dvoru.jpg","amp_enabled":true,"_links":{"self":[{"href":"https:\/\/www.mladibl.com\/index.php?rest_route=\/wp\/v2\/posts\/25239","targetHints":{"allow":["GET"]}}],"collection":[{"href":"https:\/\/www.mladibl.com\/index.php?rest_route=\/wp\/v2\/posts"}],"about":[{"href":"https:\/\/www.mladibl.com\/index.php?rest_route=\/wp\/v2\/types\/post"}],"author":[{"embeddable":true,"href":"https:\/\/www.mladibl.com\/index.php?rest_route=\/wp\/v2\/users\/1"}],"replies":[{"embeddable":true,"href":"https:\/\/www.mladibl.com\/index.php?rest_route=%2Fwp%2Fv2%2Fcomments&post=25239"}],"version-history":[{"count":1,"href":"https:\/\/www.mladibl.com\/index.php?rest_route=\/wp\/v2\/posts\/25239\/revisions"}],"predecessor-version":[{"id":25252,"href":"https:\/\/www.mladibl.com\/index.php?rest_route=\/wp\/v2\/posts\/25239\/revisions\/25252"}],"wp:featuredmedia":[{"embeddable":true,"href":"https:\/\/www.mladibl.com\/index.php?rest_route=\/wp\/v2\/media\/25251"}],"wp:attachment":[{"href":"https:\/\/www.mladibl.com\/index.php?rest_route=%2Fwp%2Fv2%2Fmedia&parent=25239"}],"wp:term":[{"taxonomy":"category","embeddable":true,"href":"https:\/\/www.mladibl.com\/index.php?rest_route=%2Fwp%2Fv2%2Fcategories&post=25239"},{"taxonomy":"post_tag","embeddable":true,"href":"https:\/\/www.mladibl.com\/index.php?rest_route=%2Fwp%2Fv2%2Ftags&post=25239"}],"curies":[{"name":"wp","href":"https:\/\/api.w.org\/{rel}","templated":true}]}}