{"id":25217,"date":"2022-11-06T14:54:31","date_gmt":"2022-11-06T12:54:31","guid":{"rendered":"https:\/\/www.mladibl.com\/?p=25217"},"modified":"2022-11-06T14:54:36","modified_gmt":"2022-11-06T12:54:36","slug":"i-vi-mozete-glasati-divlji-kesten-iz-banje-luke-nominovan-za-stablo-godine-2022","status":"publish","type":"post","link":"https:\/\/www.mladibl.com\/?p=25217","title":{"rendered":"I vi mo\u017eete glasati: Divlji kesten iz Banje Luke nominovan za \u201eStablo godine 2022\u201c"},"content":{"rendered":"\n<p>Stablo divljeg kestena koje se nalazi u Parku \u201eMladen Stojanovi\u0107\u201c nominovano je na ovogodi\u0161njem Izboru za stablo godine u BiH 2022, koji sprovodi Razvojni program UN (UNDP).<\/p>\n\n\n\n<p>Sa kro\u0161njom \u0161irine 17\u00d716 metara, visinom od 25 metara i pre\u010dnikom od 120 centimetara banjalu\u010dki divlji kesten nosi epitet najve\u0107eg stabla ove vrste u na\u0161em gradu i upisan je u Registar najve\u0107ih stabala Republike Srpske (izdanje 2003. godine).<\/p>\n\n\n\n<p>Titulu \u201eStablo godine\u201c \u0107e ponijeti nominovano stablo koje dobije najve\u0107i broj glasova javnosti na platformi TvojCO2.ba. Period glasanja za podnesene nominacije otvoren je 1. novembra i traja\u0107e do 11. decembra.<\/p>\n\n\n\n<p>Tokom perioda glasanja, broj glasova za pojedina\u010dne nominacije ne\u0107e biti vidljiv, ali \u0107e glasovi uredno biti pohranjeni na platformi. Pobjedni\u010dko stablo i \u010detiri finalista \u0107e biti objavljeni do 16. decembra 2022. godine na platformi TvojCO2.ba, kada \u0107e biti predstavljeni rezultati cjelokupnog procesa glasanja.<\/p>\n\n\n\n<p>Ina\u010de, Razvojni program UN-a organizuje Izbor za stablo godine u BiH, s ciljem da se oda priznanje jedinstvenom bogatstvu prirode koje imamo.<\/p>\n\n\n\n<p>Za banjalu\u010dki divlji kesten mo\u017eete glasati na sljede\u0107em <strong><a href=\"https:\/\/tvojco2.ba\/bs-Latn-BA\/tree-contests\/2\/tree-of-the-year-2022-competition-in-bosnia-and-herzegovina?page=1&amp;rows=12\" target=\"_blank\" rel=\"noreferrer noopener\">linku<\/a><\/strong>.<\/p>\n\n\n\n<p>Preuzeto sa: <a href=\"https:\/\/www.banjaluka.rs.ba\/i-vi-mozete-glasati-divlji-kesten-iz-banje-luke-nominovan-za-stablo-godine-2022\/\" target=\"_blank\" rel=\"noreferrer noopener\">Grad Banja Luka<\/a><\/p>\n","protected":false},"excerpt":{"rendered":"<p>Stablo divljeg kestena koje se nalazi u Parku \u201eMladen Stojanovi\u0107\u201c nominovano je na ovogodi\u0161njem Izboru za stablo godine u BiH<\/p>\n","protected":false},"author":1,"featured_media":25210,"comment_status":"closed","ping_status":"open","sticky":false,"template":"","format":"standard","meta":{"om_disable_all_campaigns":false,"_monsterinsights_skip_tracking":false,"_monsterinsights_sitenote_active":false,"_monsterinsights_sitenote_note":"","_monsterinsights_sitenote_category":0,"footnotes":""},"categories":[2],"tags":[9922,9923],"class_list":["post-25217","post","type-post","status-publish","format-standard","has-post-thumbnail","hentry","category-vijesti","tag-divlji-kesten","tag-stablo-godine-2022"],"jetpack_featured_media_url":"https:\/\/www.mladibl.com\/wp-content\/uploads\/2022\/11\/Divlji-kesten-iz-Banje-Luke-nominovan-za-\u201eStablo-godine-2022.jpg","amp_enabled":true,"_links":{"self":[{"href":"https:\/\/www.mladibl.com\/index.php?rest_route=\/wp\/v2\/posts\/25217","targetHints":{"allow":["GET"]}}],"collection":[{"href":"https:\/\/www.mladibl.com\/index.php?rest_route=\/wp\/v2\/posts"}],"about":[{"href":"https:\/\/www.mladibl.com\/index.php?rest_route=\/wp\/v2\/types\/post"}],"author":[{"embeddable":true,"href":"https:\/\/www.mladibl.com\/index.php?rest_route=\/wp\/v2\/users\/1"}],"replies":[{"embeddable":true,"href":"https:\/\/www.mladibl.com\/index.php?rest_route=%2Fwp%2Fv2%2Fcomments&post=25217"}],"version-history":[{"count":1,"href":"https:\/\/www.mladibl.com\/index.php?rest_route=\/wp\/v2\/posts\/25217\/revisions"}],"predecessor-version":[{"id":25218,"href":"https:\/\/www.mladibl.com\/index.php?rest_route=\/wp\/v2\/posts\/25217\/revisions\/25218"}],"wp:featuredmedia":[{"embeddable":true,"href":"https:\/\/www.mladibl.com\/index.php?rest_route=\/wp\/v2\/media\/25210"}],"wp:attachment":[{"href":"https:\/\/www.mladibl.com\/index.php?rest_route=%2Fwp%2Fv2%2Fmedia&parent=25217"}],"wp:term":[{"taxonomy":"category","embeddable":true,"href":"https:\/\/www.mladibl.com\/index.php?rest_route=%2Fwp%2Fv2%2Fcategories&post=25217"},{"taxonomy":"post_tag","embeddable":true,"href":"https:\/\/www.mladibl.com\/index.php?rest_route=%2Fwp%2Fv2%2Ftags&post=25217"}],"curies":[{"name":"wp","href":"https:\/\/api.w.org\/{rel}","templated":true}]}}