{"id":2515,"date":"2020-08-24T12:54:31","date_gmt":"2020-08-24T10:54:31","guid":{"rendered":"http:\/\/www.mladibl.com\/?p=2515"},"modified":"2020-08-24T12:55:43","modified_gmt":"2020-08-24T10:55:43","slug":"skola-ucenika-u-privredi-postala-politehnicka-skola","status":"publish","type":"post","link":"https:\/\/www.mladibl.com\/?p=2515","title":{"rendered":"\u0160kola u\u010denika u privredi postala Politehni\u010dka \u0161kola"},"content":{"rendered":"\n<p>\u0160kola u\u010denika u privredi, u Banjaluci, koju su \u010desto zvali \u0160UP, odlukom Vlade RS promijenila je ime u Politehni\u010dka \u0161kola.<\/p>\n\n\n\n<p>Od 18. avgusta je \u0160kola u\u010denika u privredi zvani\u010dno oti\u0161la u istoriju, a ova srednjo\u0161kolska ustanova ponijela novi naziv Politehni\u010dka \u0161kola.<\/p>\n\n\n\n<p>Sanela Pra\u0161talo, direktorica Politehni\u010dke \u0161kole, rekla je za &#8220;Nezavisne&#8221; da su u\u010denici koristili naziv \u0160UP ili &#8220;\u0161upara&#8221; i da su nepravedno bili zapostavljeni zbog samog naziva.<\/p>\n\n\n\n<p>&#8220;\u017deljeli smo to da promijenimo jer je na\u0161a \u0161kola u centru grada, a njeni u\u010denici su osvojili mno\u0161tvo nagrada na takmi\u010denjima i ima jako fina zanimanja&#8221;, kazala je Pra\u0161talo.<\/p>\n\n\n\n<p>Prema njenim rije\u010dima, naziv Politehni\u010dka \u0161kola su predlo\u017eili i usvojili po uzoru na \u0161kole u Srbiji koje obrazuju u\u010denike za srodne oblasti.<\/p>\n\n\n\n<p>&#8220;Ove godine imamo dva nova zanimanja, CNC tehni\u010dar za obradu drveta, i zanimanje dizajner &#8211; modni tehni\u010dar. \u017delimo da se \u0161kola razvija, da radimo na njenom imid\u017eu i sa novim nazivom da to bude neki novi po\u010detak na\u0161e \u0161kole&#8221;, istakla je Pra\u0161talo.<\/p>\n\n\n\n<p>U &#8220;Slu\u017ebenom glasniku RS&#8221; broj 72\/12 donesena je odluka o uskla\u0111ivanju akta o osnivanju Javne ustanove Politehni\u010dka \u0161kola Banjaluka.<\/p>\n\n\n\n<p>&#8220;Ovom odlukom vr\u0161i se uskla\u0111ivanje osniva\u010dkog akta Javne ustanove \u0160kola u\u010denika u privredi Banjaluka, Zakonom o klasifikaciji djelatnosti Republike Srpske i Uredbom o klasifikaciji djelatnosti&#8221;, navodi se u &#8220;Slu\u017ebenom glasniku.<\/p>\n\n\n\n<p>Dodaje se da je osniva\u010d Javne ustanove Politehni\u010dka \u0161kola Banjaluka u ime Republike Srpske Vlada Republike Srpske.<\/p>\n\n\n\n<p>&#8220;Naziv ustanove je Javna ustanova Politehni\u010dka \u0161kola Banjaluka, a skra\u0107eni naziv ustanove JU Politehni\u010dka \u0161kola Banjaluka, sa sjedi\u0161tem u Ulici Nikole Pa\u0161i\u0107a bb, Banjaluka&#8221;, pi\u0161e u &#8220;Slu\u017ebenom glasniku&#8221;.<\/p>\n\n\n\n<p>Dodaje se da stupanjem na snagu ove odluke prestaje da va\u017ei odluka o uskla\u0111ivanju akta o osnivanju JU \u0160kola u\u010denika u privredi Banjaluka.<\/p>\n\n\n\n<p>Pod nazivom \u0160kola u\u010denika u privredi ova srednjo\u0161kolska ustanova radi od 1993. godine, a kroz istoriju je mijenjala nazive, lokacije i zanimanja koja je obrazovala. Od 2012. godine ova \u0161kola je javna ustanova.<\/p>\n\n\n\n<p>\u0160kolsku zgradu \u010dini jedan objekat koji se sastoji od podruma, u kojem se nalazi radionica za izvo\u0111enje prakti\u010dne nastave, prizemlja i tri sprata.<\/p>\n\n\n\n<p>U objektu se nalazi 11 moderno opremljenih u\u010dionica i kabineta za izvo\u0111enje teoretske i prakti\u010dne nastave, zbornica, biblioteka i kancelarije uprave \u0161kole.<\/p>\n\n\n\n<p>Ova \u0161kola obrazuje i vaspitava oko 400 u\u010denika, ima 18 odjeljenja i zapo\u0161ljava 60 radnika nastavnog i vannastavnog profila.<\/p>\n\n\n\n<p>Preuzeto sa: <a href=\"https:\/\/www.nezavisne.com\/novosti\/obrazovanje\/Skola-ucenika-u-privredi-postala-Politehnicka-skola\/616660\" target=\"_blank\" rel=\"noreferrer noopener\" aria-label=\"nezavisne.com (opens in a new tab)\">nezavisne.com<\/a><\/p>\n","protected":false},"excerpt":{"rendered":"<p>\u0160kola u\u010denika u privredi, u Banjaluci, koju su \u010desto zvali \u0160UP, odlukom Vlade RS promijenila je ime u Politehni\u010dka \u0161kola.<\/p>\n","protected":false},"author":1,"featured_media":2516,"comment_status":"closed","ping_status":"open","sticky":false,"template":"","format":"standard","meta":{"om_disable_all_campaigns":false,"_monsterinsights_skip_tracking":false,"_monsterinsights_sitenote_active":false,"_monsterinsights_sitenote_note":"","_monsterinsights_sitenote_category":0,"footnotes":""},"categories":[12],"tags":[1138,1137,61],"class_list":["post-2515","post","type-post","status-publish","format-standard","has-post-thumbnail","hentry","category-srednjoskolci","tag-politehnicka-skola","tag-skola-ucenika-u-privredi","tag-srednjoskolci"],"jetpack_featured_media_url":"https:\/\/www.mladibl.com\/wp-content\/uploads\/2020\/08\/\u0160kola-u\u010denika-u-privredi-postala-Politehni\u010dka-\u0161kola.jpg","amp_enabled":true,"_links":{"self":[{"href":"https:\/\/www.mladibl.com\/index.php?rest_route=\/wp\/v2\/posts\/2515","targetHints":{"allow":["GET"]}}],"collection":[{"href":"https:\/\/www.mladibl.com\/index.php?rest_route=\/wp\/v2\/posts"}],"about":[{"href":"https:\/\/www.mladibl.com\/index.php?rest_route=\/wp\/v2\/types\/post"}],"author":[{"embeddable":true,"href":"https:\/\/www.mladibl.com\/index.php?rest_route=\/wp\/v2\/users\/1"}],"replies":[{"embeddable":true,"href":"https:\/\/www.mladibl.com\/index.php?rest_route=%2Fwp%2Fv2%2Fcomments&post=2515"}],"version-history":[{"count":2,"href":"https:\/\/www.mladibl.com\/index.php?rest_route=\/wp\/v2\/posts\/2515\/revisions"}],"predecessor-version":[{"id":2518,"href":"https:\/\/www.mladibl.com\/index.php?rest_route=\/wp\/v2\/posts\/2515\/revisions\/2518"}],"wp:featuredmedia":[{"embeddable":true,"href":"https:\/\/www.mladibl.com\/index.php?rest_route=\/wp\/v2\/media\/2516"}],"wp:attachment":[{"href":"https:\/\/www.mladibl.com\/index.php?rest_route=%2Fwp%2Fv2%2Fmedia&parent=2515"}],"wp:term":[{"taxonomy":"category","embeddable":true,"href":"https:\/\/www.mladibl.com\/index.php?rest_route=%2Fwp%2Fv2%2Fcategories&post=2515"},{"taxonomy":"post_tag","embeddable":true,"href":"https:\/\/www.mladibl.com\/index.php?rest_route=%2Fwp%2Fv2%2Ftags&post=2515"}],"curies":[{"name":"wp","href":"https:\/\/api.w.org\/{rel}","templated":true}]}}