{"id":25144,"date":"2022-11-04T00:19:50","date_gmt":"2022-11-03T22:19:50","guid":{"rendered":"https:\/\/www.mladibl.com\/?p=25144"},"modified":"2022-11-04T00:19:51","modified_gmt":"2022-11-03T22:19:51","slug":"cuvajmo-zelene-povrsine-apel-da-se-ne-odlaze-otpad-mimo-kontejnera","status":"publish","type":"post","link":"https:\/\/www.mladibl.com\/?p=25144","title":{"rendered":"\u010cuvajmo zelene povr\u0161ine: Apel da se ne odla\u017ee otpad mimo kontejnera"},"content":{"rendered":"\n<p>Gradska uprava apeluje da sugra\u0111ani ne odla\u017eu otpad mimo kontejnera odnosno na mjesta koja nisu predvi\u0111ena za to.<\/p>\n\n\n\n<p>Na\u017ealost, \u010desta je situacija da gra\u0111ani odla\u017eu otpad po naseljima i uz kontejnere, stvaraju\u0107i divlje deponije.<\/p>\n\n\n\n<p>Takav slu\u010daj zabilje\u017een je ju\u010de u naselju Lazarevo, gdje je samo nekoliko \u010dasova nakon \u0161to je ure\u0111ena zelena povr\u0161ina na spoju Ulice Ilije Gara\u0161anina i Bulevara Milutina Milankovi\u0107a nesavjesni pojedinac bacio vre\u0107u sa otpadom. Tako je sme\u0107e ponovo zavr\u0161ilo na novoure\u0111enom skveru umjesto u kontejneru, koji se nalazi u neposrednoj blizini. Ovaj otpad su radnici Gradske uprave uklonili.<\/p>\n\n\n\n<p>Pozivamo sugra\u0111ane da zajedno doprinesemo ure\u0111enijem i ljep\u0161em izgledu na\u0161ih ulica i naselja, a samim tim i cijelog grada.<\/p>\n\n\n\n<p>Preuzeto sa: <a href=\"https:\/\/www.banjaluka.rs.ba\/apel-da-se-ne-odlaze-otpad-mimo-kontejnera\/\" target=\"_blank\" rel=\"noreferrer noopener\">Grad Banja Luka<\/a><\/p>\n","protected":false},"excerpt":{"rendered":"<p>Gradska uprava apeluje da sugra\u0111ani ne odla\u017eu otpad mimo kontejnera odnosno na mjesta koja nisu predvi\u0111ena za to. Na\u017ealost, \u010desta<\/p>\n","protected":false},"author":1,"featured_media":25156,"comment_status":"closed","ping_status":"open","sticky":false,"template":"","format":"standard","meta":{"om_disable_all_campaigns":false,"_monsterinsights_skip_tracking":false,"_monsterinsights_sitenote_active":false,"_monsterinsights_sitenote_note":"","_monsterinsights_sitenote_category":0,"footnotes":""},"categories":[2],"tags":[435,3579,8239,4113,9900],"class_list":["post-25144","post","type-post","status-publish","format-standard","has-post-thumbnail","hentry","category-vijesti","tag-apel","tag-cuvajmo","tag-odlaganje","tag-otpad","tag-zelene-povrsine"],"jetpack_featured_media_url":"https:\/\/www.mladibl.com\/wp-content\/uploads\/2022\/11\/Cuvajmo-zelene-povrsine-Apel-da-se-ne-odlaze-otpad-mimo-kontejnera.jpg","amp_enabled":true,"_links":{"self":[{"href":"https:\/\/www.mladibl.com\/index.php?rest_route=\/wp\/v2\/posts\/25144","targetHints":{"allow":["GET"]}}],"collection":[{"href":"https:\/\/www.mladibl.com\/index.php?rest_route=\/wp\/v2\/posts"}],"about":[{"href":"https:\/\/www.mladibl.com\/index.php?rest_route=\/wp\/v2\/types\/post"}],"author":[{"embeddable":true,"href":"https:\/\/www.mladibl.com\/index.php?rest_route=\/wp\/v2\/users\/1"}],"replies":[{"embeddable":true,"href":"https:\/\/www.mladibl.com\/index.php?rest_route=%2Fwp%2Fv2%2Fcomments&post=25144"}],"version-history":[{"count":1,"href":"https:\/\/www.mladibl.com\/index.php?rest_route=\/wp\/v2\/posts\/25144\/revisions"}],"predecessor-version":[{"id":25157,"href":"https:\/\/www.mladibl.com\/index.php?rest_route=\/wp\/v2\/posts\/25144\/revisions\/25157"}],"wp:featuredmedia":[{"embeddable":true,"href":"https:\/\/www.mladibl.com\/index.php?rest_route=\/wp\/v2\/media\/25156"}],"wp:attachment":[{"href":"https:\/\/www.mladibl.com\/index.php?rest_route=%2Fwp%2Fv2%2Fmedia&parent=25144"}],"wp:term":[{"taxonomy":"category","embeddable":true,"href":"https:\/\/www.mladibl.com\/index.php?rest_route=%2Fwp%2Fv2%2Fcategories&post=25144"},{"taxonomy":"post_tag","embeddable":true,"href":"https:\/\/www.mladibl.com\/index.php?rest_route=%2Fwp%2Fv2%2Ftags&post=25144"}],"curies":[{"name":"wp","href":"https:\/\/api.w.org\/{rel}","templated":true}]}}