{"id":2507,"date":"2020-08-24T12:41:54","date_gmt":"2020-08-24T10:41:54","guid":{"rendered":"http:\/\/www.mladibl.com\/?p=2507"},"modified":"2020-08-24T12:41:56","modified_gmt":"2020-08-24T10:41:56","slug":"od-24-avgusta-manifestacije-u-okviru-55-kocicevog-zbora","status":"publish","type":"post","link":"https:\/\/www.mladibl.com\/?p=2507","title":{"rendered":"Od 24. avgusta manifestacije u okviru 55. Ko\u010di\u0107evog zbora"},"content":{"rendered":"\n<p>Ovogodi\u0161nji Ko\u010di\u0107ev zbor, 55. po redu, bi\u0107e odr\u017ean od 24. do 29. avgusta, u izmijenjenom formatu zbog aktuelne epidemiolo\u0161ke situacije i bi\u0107e obilje\u017een nizom manjih kulturnih doga\u0111aja, kojim \u0107e biti evocirano sje\u0107anje na najve\u0107eg knji\u017eevnika sa ovih prostora.<\/p>\n\n\n\n<p>Manifestacija \u0107e biti otvorena u ponedjeljak 24. avgusta u 20.00 \u010dasova, kada \u0107e u Parku Petar ko\u010di\u0107, biti otvorena izlo\u017eba \u201eKo\u010di\u0107 i njegova porodica u fotografijama\u201c autora Zorana Peja\u0161inovi\u0107a.<\/p>\n\n\n\n<p>Dan kasnije, u utorak 25. avgusta, tako\u0111e u Parku Petar Ko\u010di\u0107, od 20.00 \u010dasova, bi\u0107e organizovano \u201eVe\u010de besjedni\u0161tva\u201c, na kojem \u0107e besjediti studenti iz Banje Luke, Bijeljine i Isto\u010dnog Sarajeva, dok je za 26. avgust u Muzeju RS, sa po\u010detkom u 19.30 \u010dasova, planirano otvaranje izlo\u017ebe kolekcije nakita \u201eTragovi\u201c, autora Sanje Baji\u0107. Iste ve\u010deri, u 20.00 \u010dasova, u Parku Petar Ko\u010di\u0107, bi\u0107e odr\u017eano \u201eVe\u010de satire\u201c, u organizaciji Udru\u017eenja knji\u017eevnika RS.<\/p>\n\n\n\n<p>Za 27. avgust,u 20.00 \u010dasova u Parku \u201ePetar Ko\u010di\u0107\u201c planirano je \u201eVe\u010de drame\u201c.<\/p>\n\n\n\n<p>Prema utvr\u0111enom programu, 28. avgusta, bi\u0107e polo\u017eeni vijenci na spomenik poginulim borcima Odbrambeno-otad\u017ebinskog rata u MZ Stri\u010di\u0107i , potom u 11 \u010dasova  planirano je otvaranje ure\u0111ene rodne ku\u0107e Petra Ko\u010di\u0107a na Ko\u010di\u0107evom ognji\u0161tu. Istog dana, u Parku Petar Ko\u010di\u0107 u 20.00 \u010dasova, bi\u0107e uru\u010dena nagrada \u201eZmijanj\u010de\u201c, koja je ove godine pripala u\u010denici O\u0160 \u201eGeorgi Stojkov Rakovski\u201c Jani Brki\u0107<\/p>\n\n\n\n<p>U subotu, 29. avgusta, gradona\u010delnik Igor Radoji\u010di\u0107 sve\u010dano \u0107e uru\u010diti \u201eKo\u010di\u0107evu nagradu\u201c knji\u017eevniku Nenadu Gruji\u010di\u0107u, a istog dana u 20.00 \u010dasova u Banskom dvoru bi\u0107e otvorena izlo\u017eba sa pro\u0161logodi\u0161nje likovne kolonije.<\/p>\n\n\n\n<p>Usljed aktuelnih ograni\u010denja javnih okupljanja, ove godine \u0107e izostati tradicionalno narodno zborovanje u Stri\u010di\u0107ima i bodljavina bikova za nagradu \u201eJablan\u201c.<\/p>\n\n\n\n<figure class=\"wp-block-image\"><img loading=\"lazy\" decoding=\"async\" width=\"960\" height=\"960\" src=\"http:\/\/www.mladibl.com\/wp-content\/uploads\/2020\/08\/Od-24.-avgusta-manifestacije-u-okviru-55.-Ko\u010di\u0107evog-zbora.jpg\" alt=\"\" class=\"wp-image-2508\" srcset=\"https:\/\/www.mladibl.com\/wp-content\/uploads\/2020\/08\/Od-24.-avgusta-manifestacije-u-okviru-55.-Ko\u010di\u0107evog-zbora.jpg 960w, https:\/\/www.mladibl.com\/wp-content\/uploads\/2020\/08\/Od-24.-avgusta-manifestacije-u-okviru-55.-Ko\u010di\u0107evog-zbora-150x150.jpg 150w, https:\/\/www.mladibl.com\/wp-content\/uploads\/2020\/08\/Od-24.-avgusta-manifestacije-u-okviru-55.-Ko\u010di\u0107evog-zbora-300x300.jpg 300w, https:\/\/www.mladibl.com\/wp-content\/uploads\/2020\/08\/Od-24.-avgusta-manifestacije-u-okviru-55.-Ko\u010di\u0107evog-zbora-768x768.jpg 768w\" sizes=\"auto, (max-width: 960px) 100vw, 960px\" \/><\/figure>\n\n\n\n<p>Preuzeto sa: <a href=\"http:\/\/www.banjaluka.rs.ba\/%d0%be%d0%b4-24-%d0%b0%d0%b2%d0%b3%d1%83%d1%81%d1%82%d0%b0-%d0%bc%d0%b0%d0%bd%d0%b8%d1%84%d0%b5%d1%81%d1%82%d0%b0%d1%86%d0%b8%d1%98%d0%b5-%d1%83-%d0%be%d0%ba%d0%b2%d0%b8%d1%80%d1%83-55-%d0%ba%d0%be\/\" target=\"_blank\" rel=\"noreferrer noopener\" aria-label=\"Grad Banja Luka (opens in a new tab)\">Grad Banja Luka<\/a><\/p>\n","protected":false},"excerpt":{"rendered":"<p>Ovogodi\u0161nji Ko\u010di\u0107ev zbor, 55. po redu, bi\u0107e odr\u017ean od 24. do 29. avgusta, u izmijenjenom formatu zbog aktuelne epidemiolo\u0161ke situacije<\/p>\n","protected":false},"author":1,"featured_media":2508,"comment_status":"closed","ping_status":"open","sticky":false,"template":"","format":"standard","meta":{"om_disable_all_campaigns":false,"_monsterinsights_skip_tracking":false,"_monsterinsights_sitenote_active":false,"_monsterinsights_sitenote_note":"","_monsterinsights_sitenote_category":0,"footnotes":""},"categories":[2],"tags":[53,784,164],"class_list":["post-2507","post","type-post","status-publish","format-standard","has-post-thumbnail","hentry","category-vijesti","tag-banja-luka","tag-kocicev-zbor","tag-manifestacije"],"jetpack_featured_media_url":"https:\/\/www.mladibl.com\/wp-content\/uploads\/2020\/08\/Od-24.-avgusta-manifestacije-u-okviru-55.-Ko\u010di\u0107evog-zbora.jpg","amp_enabled":true,"_links":{"self":[{"href":"https:\/\/www.mladibl.com\/index.php?rest_route=\/wp\/v2\/posts\/2507","targetHints":{"allow":["GET"]}}],"collection":[{"href":"https:\/\/www.mladibl.com\/index.php?rest_route=\/wp\/v2\/posts"}],"about":[{"href":"https:\/\/www.mladibl.com\/index.php?rest_route=\/wp\/v2\/types\/post"}],"author":[{"embeddable":true,"href":"https:\/\/www.mladibl.com\/index.php?rest_route=\/wp\/v2\/users\/1"}],"replies":[{"embeddable":true,"href":"https:\/\/www.mladibl.com\/index.php?rest_route=%2Fwp%2Fv2%2Fcomments&post=2507"}],"version-history":[{"count":1,"href":"https:\/\/www.mladibl.com\/index.php?rest_route=\/wp\/v2\/posts\/2507\/revisions"}],"predecessor-version":[{"id":2509,"href":"https:\/\/www.mladibl.com\/index.php?rest_route=\/wp\/v2\/posts\/2507\/revisions\/2509"}],"wp:featuredmedia":[{"embeddable":true,"href":"https:\/\/www.mladibl.com\/index.php?rest_route=\/wp\/v2\/media\/2508"}],"wp:attachment":[{"href":"https:\/\/www.mladibl.com\/index.php?rest_route=%2Fwp%2Fv2%2Fmedia&parent=2507"}],"wp:term":[{"taxonomy":"category","embeddable":true,"href":"https:\/\/www.mladibl.com\/index.php?rest_route=%2Fwp%2Fv2%2Fcategories&post=2507"},{"taxonomy":"post_tag","embeddable":true,"href":"https:\/\/www.mladibl.com\/index.php?rest_route=%2Fwp%2Fv2%2Ftags&post=2507"}],"curies":[{"name":"wp","href":"https:\/\/api.w.org\/{rel}","templated":true}]}}