{"id":25023,"date":"2022-11-01T01:13:34","date_gmt":"2022-10-31T23:13:34","guid":{"rendered":"https:\/\/www.mladibl.com\/?p=25023"},"modified":"2022-11-01T01:13:36","modified_gmt":"2022-10-31T23:13:36","slug":"srijeda-u-banskom-dvoru-izlozba-izmedu-ljudskog-i-bozanskog-akademske-slikarke-jelene-vucic","status":"publish","type":"post","link":"https:\/\/www.mladibl.com\/?p=25023","title":{"rendered":"Srijeda u Banskom dvoru: Izlo\u017eba \u201eIzme\u0111u ljudskog i bo\u017eanskog\u201c akademske slikarke Jelene Vu\u010di\u0107"},"content":{"rendered":"\n<p>U Kulturnom centru Banski dvor, ta\u010dnije u Salonu bana Tise Milosavljevi\u0107a Banskog dvora u srijedu, 2. novembra, bi\u0107e otvorena izlo\u017eba \u201eIzme\u0111u ljudskog i bo\u017eanskog\u201c akademske slikarke Jelene Vu\u010di\u0107.<\/p>\n\n\n\n<p>-Radovi su nastali u poslednje tri godine na master studijama iz slikarstva na Akademiji umjetnosti Univerziteta u Banjoj Luci. Uklju\u010duju savremene medije poput video radova, animacija, instalacija, crte\u017ea i slike \u2013 navedeno je u saop\u0161tenju Banskog dvora.<\/p>\n\n\n\n<p>Dodaju radovi su nastali u poslednje tri godine na master studijama iz slikarstva.<\/p>\n\n\n\n<p>-Uklju\u010duju savremene medije poput video radova, animacija, instalacija, crte\u017ea i slike. Utemeljeni su u feministi\u010dkim teoretskim istra\u017eivanjima novog vala feminizma, eti\u010dkih i ontolo\u0161kih filozofskih oblasti iz pozicije \u201e\u017eenskog\u201c. Slavljenja \u201e\u017eenskog\u201c u njegovim specifi\u010dnim prirodnim datostima koje vidim kao neistra\u017een prostor i potencijal za formiranje nove slikarske znakovitosti, rastere\u0107en poni\u0161tavanja utvr\u0111enih pristupa ve\u0107 radije zaokupljen davanjem novih mogu\u0107ih, kompleksnijih i suptilnijih i\u0161\u010ditavanja \u201e\u017eenskog\u201c \u2013 navedeno je u saop\u0161tenju Banskog dvora.<\/p>\n\n\n\n<p>Dodaju kako su radovi upu\u0107eni na unutra\u0161njost procesa stvaranja \u017eivota koji se de\u0161ava unutar uterusa, te vizualizaciji i apstrahovanju biolo\u0161kih \u0107elijskih transformacija u procesu trudno\u0107e i ra\u0111anja.<\/p>\n\n\n\n<p>-Ovaj rad upravo \u017eeli da skrene pa\u017enju na osnov i postanje svih vrsta, usmjeravaju\u0107i svoj objektiv ka utrobi jedne \u017eene, trudnice, pozabavljaju\u0107i se i njenom tjelesnom svrhovito\u0161\u0107u kao i duhovnom \u2013 dodaju.<\/p>\n\n\n\n<p>Otvaranje izlo\u017ebe bi\u0107e uprili\u010deno sa po\u010detkom u 19.00 \u010dasova.<\/p>\n\n\n\n<p>Preuzeto sa: <a href=\"https:\/\/www.banjaluka.rs.ba\/srijeda-u-banskom-dvoru-izlozba-izmedju-ljudskog-i-bozanskog-akademske-slikarke-jelene-vucic\/\" target=\"_blank\" rel=\"noreferrer noopener\">Grad Banja Luka<\/a><\/p>\n","protected":false},"excerpt":{"rendered":"<p>U Kulturnom centru Banski dvor, ta\u010dnije u Salonu bana Tise Milosavljevi\u0107a Banskog dvora u srijedu, 2. novembra, bi\u0107e otvorena izlo\u017eba<\/p>\n","protected":false},"author":1,"featured_media":25020,"comment_status":"closed","ping_status":"open","sticky":false,"template":"","format":"standard","meta":{"om_disable_all_campaigns":false,"_monsterinsights_skip_tracking":false,"_monsterinsights_sitenote_active":false,"_monsterinsights_sitenote_note":"","_monsterinsights_sitenote_category":0,"footnotes":""},"categories":[2],"tags":[881,699,9873,8459],"class_list":["post-25023","post","type-post","status-publish","format-standard","has-post-thumbnail","hentry","category-vijesti","tag-banski-dvor","tag-izlozba","tag-jelena-vucic","tag-slikarka"],"jetpack_featured_media_url":"https:\/\/www.mladibl.com\/wp-content\/uploads\/2022\/11\/Srijeda-u-Banskom-dvoru-Izlozba-\u201eIzmedu-ljudskog-i-bozanskog-akademske-slikarke-Jelene-Vucic.jpg","amp_enabled":true,"_links":{"self":[{"href":"https:\/\/www.mladibl.com\/index.php?rest_route=\/wp\/v2\/posts\/25023","targetHints":{"allow":["GET"]}}],"collection":[{"href":"https:\/\/www.mladibl.com\/index.php?rest_route=\/wp\/v2\/posts"}],"about":[{"href":"https:\/\/www.mladibl.com\/index.php?rest_route=\/wp\/v2\/types\/post"}],"author":[{"embeddable":true,"href":"https:\/\/www.mladibl.com\/index.php?rest_route=\/wp\/v2\/users\/1"}],"replies":[{"embeddable":true,"href":"https:\/\/www.mladibl.com\/index.php?rest_route=%2Fwp%2Fv2%2Fcomments&post=25023"}],"version-history":[{"count":1,"href":"https:\/\/www.mladibl.com\/index.php?rest_route=\/wp\/v2\/posts\/25023\/revisions"}],"predecessor-version":[{"id":25024,"href":"https:\/\/www.mladibl.com\/index.php?rest_route=\/wp\/v2\/posts\/25023\/revisions\/25024"}],"wp:featuredmedia":[{"embeddable":true,"href":"https:\/\/www.mladibl.com\/index.php?rest_route=\/wp\/v2\/media\/25020"}],"wp:attachment":[{"href":"https:\/\/www.mladibl.com\/index.php?rest_route=%2Fwp%2Fv2%2Fmedia&parent=25023"}],"wp:term":[{"taxonomy":"category","embeddable":true,"href":"https:\/\/www.mladibl.com\/index.php?rest_route=%2Fwp%2Fv2%2Fcategories&post=25023"},{"taxonomy":"post_tag","embeddable":true,"href":"https:\/\/www.mladibl.com\/index.php?rest_route=%2Fwp%2Fv2%2Ftags&post=25023"}],"curies":[{"name":"wp","href":"https:\/\/api.w.org\/{rel}","templated":true}]}}