{"id":24990,"date":"2022-10-30T20:52:40","date_gmt":"2022-10-30T18:52:40","guid":{"rendered":"https:\/\/www.mladibl.com\/?p=24990"},"modified":"2022-10-30T20:52:41","modified_gmt":"2022-10-30T18:52:41","slug":"banjaluka-ima-viceprvaka-svijeta-pavle-osvojio-srebro-na-sp","status":"publish","type":"post","link":"https:\/\/www.mladibl.com\/?p=24990","title":{"rendered":"Banjaluka ima viceprvaka svijeta: Pavle osvojio srebro na SP"},"content":{"rendered":"\n<p>Pavle opravdao epitet jednog od najboljih karatista svijeta nakon \u0161to je izbio na prvo mjestu na svjetskoj rang listi u kategoriji do 60 kilograma<\/p>\n\n\n\n<p>Karatista banjalu\u010dke Energije i reprezentacije BiH Pavle Dujakovi\u0107 osvojio je srebrenu medalju na Svjetskom prvenstvu u Konji (Turska) u konkureniji mla\u0111ih seniora, \u0161to predstavlja istorijski rezultat za banjalu\u010dki sport i bh. karate uop\u0161te.<\/p>\n\n\n\n<p>Mladi Banjalu\u010danin je u dana\u0161njem velikom finalu u kategoriji do 60 kg pora\u017een od raspolo\u017eenog Azerbejd\u017eanca Aminagu Guli\u0161eva koji se okitio zlatnom medaljom.<\/p>\n\n\n\n<p>Ina\u010de, Dujakovi\u0107 je medalju osigurao ve\u0107 u petak kada je pomeo konkurenciju ostvariv\u0161i pet pobjeda. Tada su redom padali predstavnici Njema\u010dke, Crne Gore, Japana, Irana i Egipta. Tako je Pavle samo opravdao epitet jednog od najboljih karatista svijeta nakon \u0161to je ovog septembra izbio na prvo mjestu na svjetskoj rang listi u kategoriji do 60 kilograma.<\/p>\n\n\n\n<p>Veliki dan banjalu\u010dkog karatea upotpunio je ju\u010de Luka Peji\u0107. \u010clan Energije se u subotu u Turskoj gdje se podsjetimo odr\u017eava SP za kadete, juniore i mla\u0111e seniore okitio bronzanom medaljom u konkurenciji juniora (-63 kg). U borbi za odli\u010dje savladao je Crnogorca Ognjena Bjelajca.<\/p>\n\n\n\n<p><em>Nezavisne<\/em><\/p>\n\n\n\n<p>Preuzeto sa: <a href=\"https:\/\/blink.ba\/banjaluka-ima-viceprvaka-svijeta-pavle-osvojio-srebro-na-sp\/\" target=\"_blank\" rel=\"noreferrer noopener\">blink.ba<\/a><\/p>\n","protected":false},"excerpt":{"rendered":"<p>Pavle opravdao epitet jednog od najboljih karatista svijeta nakon \u0161to je izbio na prvo mjestu na svjetskoj rang listi u<\/p>\n","protected":false},"author":1,"featured_media":24976,"comment_status":"closed","ping_status":"open","sticky":false,"template":"","format":"standard","meta":{"om_disable_all_campaigns":false,"_monsterinsights_skip_tracking":false,"_monsterinsights_sitenote_active":false,"_monsterinsights_sitenote_note":"","_monsterinsights_sitenote_category":0,"footnotes":""},"categories":[2],"tags":[53,9550,9867,8853],"class_list":["post-24990","post","type-post","status-publish","format-standard","has-post-thumbnail","hentry","category-vijesti","tag-banja-luka","tag-karatista","tag-medelja","tag-pavle-dujakovic"],"jetpack_featured_media_url":"https:\/\/www.mladibl.com\/wp-content\/uploads\/2022\/10\/Banjaluka-ima-viceprvaka-svijeta-Pavle-osvojio-srebro-na-SP.jpg","amp_enabled":true,"_links":{"self":[{"href":"https:\/\/www.mladibl.com\/index.php?rest_route=\/wp\/v2\/posts\/24990","targetHints":{"allow":["GET"]}}],"collection":[{"href":"https:\/\/www.mladibl.com\/index.php?rest_route=\/wp\/v2\/posts"}],"about":[{"href":"https:\/\/www.mladibl.com\/index.php?rest_route=\/wp\/v2\/types\/post"}],"author":[{"embeddable":true,"href":"https:\/\/www.mladibl.com\/index.php?rest_route=\/wp\/v2\/users\/1"}],"replies":[{"embeddable":true,"href":"https:\/\/www.mladibl.com\/index.php?rest_route=%2Fwp%2Fv2%2Fcomments&post=24990"}],"version-history":[{"count":1,"href":"https:\/\/www.mladibl.com\/index.php?rest_route=\/wp\/v2\/posts\/24990\/revisions"}],"predecessor-version":[{"id":24991,"href":"https:\/\/www.mladibl.com\/index.php?rest_route=\/wp\/v2\/posts\/24990\/revisions\/24991"}],"wp:featuredmedia":[{"embeddable":true,"href":"https:\/\/www.mladibl.com\/index.php?rest_route=\/wp\/v2\/media\/24976"}],"wp:attachment":[{"href":"https:\/\/www.mladibl.com\/index.php?rest_route=%2Fwp%2Fv2%2Fmedia&parent=24990"}],"wp:term":[{"taxonomy":"category","embeddable":true,"href":"https:\/\/www.mladibl.com\/index.php?rest_route=%2Fwp%2Fv2%2Fcategories&post=24990"},{"taxonomy":"post_tag","embeddable":true,"href":"https:\/\/www.mladibl.com\/index.php?rest_route=%2Fwp%2Fv2%2Ftags&post=24990"}],"curies":[{"name":"wp","href":"https:\/\/api.w.org\/{rel}","templated":true}]}}