{"id":24887,"date":"2022-10-26T22:43:27","date_gmt":"2022-10-26T20:43:27","guid":{"rendered":"https:\/\/www.mladibl.com\/?p=24887"},"modified":"2022-10-26T22:43:28","modified_gmt":"2022-10-26T20:43:28","slug":"zvuk-sirena-i-pokazna-vjezba-povodom-godisnjice-razornog-zemljotresa","status":"publish","type":"post","link":"https:\/\/www.mladibl.com\/?p=24887","title":{"rendered":"Zvuk sirena i pokazna vje\u017eba povodom godi\u0161njice razornog zemljotresa"},"content":{"rendered":"\n<p>Banja Luka \u0107e danas obilje\u017eiti 53 godine od katastrofalnog zemljotresa, koji je 27. oktobra 1969. godine razorio grad.<\/p>\n\n\n\n<p>U organizaciji Gradske uprave na sam dan obilje\u017eavanja godi\u0161njice zemljotresa predvi\u0111eno je vi\u0161e aktivnosti.<\/p>\n\n\n\n<p>Tako \u0107e se u \u010detvrtak, 27. oktobra, ta\u010dno u 09:11 \u010dasova oglasiti sirene sistema za obavje\u0161tavanje i uzbunjivanje kako bi nas podsjetile na godi\u0161njicu de\u0161avanja razornog zemljotresa.<\/p>\n\n\n\n<p>U sklopu aktivnosti povodom obilje\u017eavanja godi\u0161njice i sje\u0107anja na zemljotres, u \u010detvrtak \u0107e biti izvedena i metodsko-pokazna vje\u017eba u Tehni\u010dkoj \u0161koli o temi zemljotres i po\u017ear u \u0161koli. U realizaciji navedene vje\u017ebe u\u010destvova\u0107e JZU \u201eDom zdravlja\u201c Banja Luka, ZU \u201eFirena\u201c \u2013 Specijalisti\u010dka ambulanta, Profesionalna teritorijalna vatrogasno-spasila\u010dka jedinica Banja Luka, volonteri Crvenog krsta Banja Luka, zaposleni i u\u010denici Tehni\u010dke \u0161kole, te pripadnici Ministarstva unutra\u0161njih poslova koji \u0107e vr\u0161iti regulisanje saobra\u0107aja u ulici oko \u0161kole.<\/p>\n\n\n\n<p>-Cilj ove vje\u017ebe je da se kontinuirano podi\u017ee svijest kako u\u010denika tako i nastavnog osoblja o mogu\u0107im rizicima prirodnih i drugih katastrofa i da se u okviru prakti\u010dne vje\u017ebe provjeri spremnost, obu\u010denost i efikasnost reagovanja uprave \u0161kole, nastavnog osoblja i u\u010denika u slu\u010daju opasnosti, ali i spremnosti snaga i subjekata sistema za\u0161tite i spasavanja grada Banje Luke da pru\u017ee odgovor na elementarne nepogode i druge nesre\u0107e \u2013 naveli su iz Odsjeka.<\/p>\n\n\n\n<p>Tako\u0111e, na sam dan obilje\u017eavanja godi\u0161njice zemljotresa predlo\u017eeno je osnovnim i srednjim \u0161kolama da u okviru nastave tog dana sa u\u010denicima obrade temu o zemljotresu, kao i o mjerama za\u0161tite u slu\u010daju zemljotresa, a sve u cilju podizanja svijesti o mogu\u0107im rizicima od elementarnih nepogoda i drugih nesre\u0107a.<\/p>\n\n\n\n<p>Podsjetimo, 27. okotbra 1969. godine u 09:11 \u010dasova Banjalu\u010dani su za\u010duli jaku buku, a zatim i jako podrhtavanje tla. Taj doga\u0111aj je ostavio veliki pe\u010dat i promijenio istoriju razvoja na\u0161eg grada. Koliko god da su neprijatni takvi doga\u0111aji, ne smijemo da ih zaboravimo, naprotiv, mla\u0111im generacijama o tome treba da pri\u010damo, da bi i njihova svijest o takvim rizicima bila na vi\u0161em nivou.<\/p>\n\n\n\n<p>Peuzeto sa: <a href=\"https:\/\/www.banjaluka.rs.ba\/zvuk-sirena-i-pokazna-vjezba-povodom-godisnjice-razornog-zemljotresa\/\" target=\"_blank\" rel=\"noreferrer noopener\">Grad Banja Luka<\/a><\/p>\n","protected":false},"excerpt":{"rendered":"<p>Banja Luka \u0107e danas obilje\u017eiti 53 godine od katastrofalnog zemljotresa, koji je 27. oktobra 1969. godine razorio grad. U organizaciji<\/p>\n","protected":false},"author":1,"featured_media":24898,"comment_status":"closed","ping_status":"open","sticky":false,"template":"","format":"standard","meta":{"om_disable_all_campaigns":false,"_monsterinsights_skip_tracking":false,"_monsterinsights_sitenote_active":false,"_monsterinsights_sitenote_note":"","_monsterinsights_sitenote_category":0,"footnotes":""},"categories":[2],"tags":[1890,2718],"class_list":["post-24887","post","type-post","status-publish","format-standard","has-post-thumbnail","hentry","category-vijesti","tag-godisnjica","tag-zemljotres"],"jetpack_featured_media_url":"https:\/\/www.mladibl.com\/wp-content\/uploads\/2022\/10\/Zvuk-sirena-i-pokazna-vjezba-povodom-godisnjice-razornog-zemljotresa.jpg","amp_enabled":true,"_links":{"self":[{"href":"https:\/\/www.mladibl.com\/index.php?rest_route=\/wp\/v2\/posts\/24887","targetHints":{"allow":["GET"]}}],"collection":[{"href":"https:\/\/www.mladibl.com\/index.php?rest_route=\/wp\/v2\/posts"}],"about":[{"href":"https:\/\/www.mladibl.com\/index.php?rest_route=\/wp\/v2\/types\/post"}],"author":[{"embeddable":true,"href":"https:\/\/www.mladibl.com\/index.php?rest_route=\/wp\/v2\/users\/1"}],"replies":[{"embeddable":true,"href":"https:\/\/www.mladibl.com\/index.php?rest_route=%2Fwp%2Fv2%2Fcomments&post=24887"}],"version-history":[{"count":1,"href":"https:\/\/www.mladibl.com\/index.php?rest_route=\/wp\/v2\/posts\/24887\/revisions"}],"predecessor-version":[{"id":24899,"href":"https:\/\/www.mladibl.com\/index.php?rest_route=\/wp\/v2\/posts\/24887\/revisions\/24899"}],"wp:featuredmedia":[{"embeddable":true,"href":"https:\/\/www.mladibl.com\/index.php?rest_route=\/wp\/v2\/media\/24898"}],"wp:attachment":[{"href":"https:\/\/www.mladibl.com\/index.php?rest_route=%2Fwp%2Fv2%2Fmedia&parent=24887"}],"wp:term":[{"taxonomy":"category","embeddable":true,"href":"https:\/\/www.mladibl.com\/index.php?rest_route=%2Fwp%2Fv2%2Fcategories&post=24887"},{"taxonomy":"post_tag","embeddable":true,"href":"https:\/\/www.mladibl.com\/index.php?rest_route=%2Fwp%2Fv2%2Ftags&post=24887"}],"curies":[{"name":"wp","href":"https:\/\/api.w.org\/{rel}","templated":true}]}}