{"id":24696,"date":"2022-10-19T23:53:26","date_gmt":"2022-10-19T21:53:26","guid":{"rendered":"https:\/\/www.mladibl.com\/?p=24696"},"modified":"2022-10-19T23:53:28","modified_gmt":"2022-10-19T21:53:28","slug":"za-ljubitelje-cetvorotockasa-peti-po-redu-track-day-tuning-show-banja-luka","status":"publish","type":"post","link":"https:\/\/www.mladibl.com\/?p=24696","title":{"rendered":"Za ljubitelje \u010detvoroto\u010dka\u0161a: Peti po redu Track Day &amp; Tuning show Banja Luka"},"content":{"rendered":"\n<p>U organizaciji Auto karting kluba \u201eBanja Luka\u201c i Auto kluba \u201eMKM Racing\u201c Banja Luka, u nedjelju 23. oktobra na automotodromu u Zalu\u017eanima bi\u0107e odr\u017ean 5.Track Day &amp; Tuning show Banja Luka, sportska manifestacija koja okuplja veliki broj ljubitelja auto sporta i brzine.<\/p>\n\n\n\n<p>-Na ovogodi\u0161njem petom po redu Track Day &amp; Tuning show Banja Luka, o\u010dekuje se veliki broj u\u010desnika iz Srbije, Slovenije, Hrvatske i Bosne i Hercegovine, koji \u0107e svoje vje\u0161tine demonstrirati u nekoliko veoma atraktivnih i uzbudljivih disciplina, od kojih se posebno isti\u010du testiranje brzine i performansi automobila i sve popularnija disciplina \u201edrift\u201c \u2013 navedeno je u saop\u0161tenju organizatora.<\/p>\n\n\n\n<p>Osim navedenog, organizatori isti\u010du da je jedan od prioritetnih ciljeva organizacije 5.Track Day &amp; Tuning show Banja Luka i taj da se podigne nivo bezbjednosti u\u010desnika u saobra\u0107aju, te da se uka\u017ee na zna\u010daj i tradiciju auto sporta u gradu Banja Luka.<\/p>\n\n\n\n<p>Gradska uprva Grada Banja Luka podr\u017eala je organizaciju ovog sportskog doga\u0111aja.<\/p>\n\n\n\n<p>Preuzeto sa: <a href=\"https:\/\/www.banjaluka.rs.ba\/za-ljubitelje-cetvorotockasa-peti-po-redu-track-day-tuning-show-banja-luka\/\" target=\"_blank\" rel=\"noreferrer noopener\">Grad Banja Luka<\/a><\/p>\n","protected":false},"excerpt":{"rendered":"<p>U organizaciji Auto karting kluba \u201eBanja Luka\u201c i Auto kluba \u201eMKM Racing\u201c Banja Luka, u nedjelju 23. oktobra na automotodromu<\/p>\n","protected":false},"author":1,"featured_media":24708,"comment_status":"closed","ping_status":"open","sticky":false,"template":"","format":"standard","meta":{"om_disable_all_campaigns":false,"_monsterinsights_skip_tracking":false,"_monsterinsights_sitenote_active":false,"_monsterinsights_sitenote_note":"","_monsterinsights_sitenote_category":0,"footnotes":""},"categories":[2],"tags":[9792,9790,9791],"class_list":["post-24696","post","type-post","status-publish","format-standard","has-post-thumbnail","hentry","category-vijesti","tag-auto-sport","tag-track-day","tag-tuning-show"],"jetpack_featured_media_url":"https:\/\/www.mladibl.com\/wp-content\/uploads\/2022\/10\/Za-ljubitelje-cetvorotockasa-Peti-po-redu-Track-Day-Tuning-show-Banja-Luka.jpg","amp_enabled":true,"_links":{"self":[{"href":"https:\/\/www.mladibl.com\/index.php?rest_route=\/wp\/v2\/posts\/24696","targetHints":{"allow":["GET"]}}],"collection":[{"href":"https:\/\/www.mladibl.com\/index.php?rest_route=\/wp\/v2\/posts"}],"about":[{"href":"https:\/\/www.mladibl.com\/index.php?rest_route=\/wp\/v2\/types\/post"}],"author":[{"embeddable":true,"href":"https:\/\/www.mladibl.com\/index.php?rest_route=\/wp\/v2\/users\/1"}],"replies":[{"embeddable":true,"href":"https:\/\/www.mladibl.com\/index.php?rest_route=%2Fwp%2Fv2%2Fcomments&post=24696"}],"version-history":[{"count":1,"href":"https:\/\/www.mladibl.com\/index.php?rest_route=\/wp\/v2\/posts\/24696\/revisions"}],"predecessor-version":[{"id":24709,"href":"https:\/\/www.mladibl.com\/index.php?rest_route=\/wp\/v2\/posts\/24696\/revisions\/24709"}],"wp:featuredmedia":[{"embeddable":true,"href":"https:\/\/www.mladibl.com\/index.php?rest_route=\/wp\/v2\/media\/24708"}],"wp:attachment":[{"href":"https:\/\/www.mladibl.com\/index.php?rest_route=%2Fwp%2Fv2%2Fmedia&parent=24696"}],"wp:term":[{"taxonomy":"category","embeddable":true,"href":"https:\/\/www.mladibl.com\/index.php?rest_route=%2Fwp%2Fv2%2Fcategories&post=24696"},{"taxonomy":"post_tag","embeddable":true,"href":"https:\/\/www.mladibl.com\/index.php?rest_route=%2Fwp%2Fv2%2Ftags&post=24696"}],"curies":[{"name":"wp","href":"https:\/\/api.w.org\/{rel}","templated":true}]}}