{"id":24503,"date":"2022-10-12T20:26:35","date_gmt":"2022-10-12T18:26:35","guid":{"rendered":"https:\/\/www.mladibl.com\/?p=24503"},"modified":"2022-10-12T20:26:38","modified_gmt":"2022-10-12T18:26:38","slug":"odrzana-konceptualna-modna-revija-impact-fashion-show-u-domu-omladine","status":"publish","type":"post","link":"https:\/\/www.mladibl.com\/?p=24503","title":{"rendered":"Odr\u017eana konceptualna modna revija \u201eImpact fashion show\u201c u Domu omladine"},"content":{"rendered":"\n<p>Konceptualna modna revija \u201eImpact fashion show\u201c na kojoj na kojoj su svoje kreacije izlagagli mladi dizajneri iz Bosne i Hercegovine odr\u017eana je u Domu omladine.<\/p>\n\n\n\n<p>Koncept je baziran na odr\u017eivoj modi, a najvi\u0161e se dizajnira metodom recikla\u017ee, s ciljem da se poka\u017ee kako se od minimalne upotrebe materijala mogu napraviti sjajne kreacije.<\/p>\n\n\n\n<p>Rije\u010d je o doga\u0111aju koji je realizovan u saradnji sa Institutom za ravoj mladih \u201eKult\u201c, a reviji je prisustvovala savjetnica gradona\u010delnika za dru\u0161tvene djelatnosti Milada \u0160ukalo.<\/p>\n\n\n\n<p>Savjetnica gradona\u010delnika je poru\u010dila da je ovo sjajan doga\u0111aj koji promovi\u0161e mlade ljude, njihovu kreativnost, a ujedno podi\u017ee svijest o recikla\u017ei.<\/p>\n\n\n\n<p>Preuzeto sa: <a href=\"https:\/\/www.banjaluka.rs.ba\/odrzana-konceptualna-modna-revija-impact-fashion-show-u-domu-omladine\/\" target=\"_blank\" rel=\"noreferrer noopener\">Grad Banja Luka<\/a><\/p>\n","protected":false},"excerpt":{"rendered":"<p>Konceptualna modna revija \u201eImpact fashion show\u201c na kojoj na kojoj su svoje kreacije izlagagli mladi dizajneri iz Bosne i Hercegovine<\/p>\n","protected":false},"author":1,"featured_media":24515,"comment_status":"closed","ping_status":"open","sticky":false,"template":"","format":"standard","meta":{"om_disable_all_campaigns":false,"_monsterinsights_skip_tracking":false,"_monsterinsights_sitenote_active":false,"_monsterinsights_sitenote_note":"","_monsterinsights_sitenote_category":0,"footnotes":""},"categories":[2],"tags":[21,9732,9680],"class_list":["post-24503","post","type-post","status-publish","format-standard","has-post-thumbnail","hentry","category-vijesti","tag-dom-omladine","tag-impact-fashion-show","tag-modna-revija"],"jetpack_featured_media_url":"https:\/\/www.mladibl.com\/wp-content\/uploads\/2022\/10\/Odrzana-konceptualna-modna-revija-\u201eImpact-fashion-show-u-Domu-omladine.jpg","amp_enabled":true,"_links":{"self":[{"href":"https:\/\/www.mladibl.com\/index.php?rest_route=\/wp\/v2\/posts\/24503","targetHints":{"allow":["GET"]}}],"collection":[{"href":"https:\/\/www.mladibl.com\/index.php?rest_route=\/wp\/v2\/posts"}],"about":[{"href":"https:\/\/www.mladibl.com\/index.php?rest_route=\/wp\/v2\/types\/post"}],"author":[{"embeddable":true,"href":"https:\/\/www.mladibl.com\/index.php?rest_route=\/wp\/v2\/users\/1"}],"replies":[{"embeddable":true,"href":"https:\/\/www.mladibl.com\/index.php?rest_route=%2Fwp%2Fv2%2Fcomments&post=24503"}],"version-history":[{"count":1,"href":"https:\/\/www.mladibl.com\/index.php?rest_route=\/wp\/v2\/posts\/24503\/revisions"}],"predecessor-version":[{"id":24516,"href":"https:\/\/www.mladibl.com\/index.php?rest_route=\/wp\/v2\/posts\/24503\/revisions\/24516"}],"wp:featuredmedia":[{"embeddable":true,"href":"https:\/\/www.mladibl.com\/index.php?rest_route=\/wp\/v2\/media\/24515"}],"wp:attachment":[{"href":"https:\/\/www.mladibl.com\/index.php?rest_route=%2Fwp%2Fv2%2Fmedia&parent=24503"}],"wp:term":[{"taxonomy":"category","embeddable":true,"href":"https:\/\/www.mladibl.com\/index.php?rest_route=%2Fwp%2Fv2%2Fcategories&post=24503"},{"taxonomy":"post_tag","embeddable":true,"href":"https:\/\/www.mladibl.com\/index.php?rest_route=%2Fwp%2Fv2%2Ftags&post=24503"}],"curies":[{"name":"wp","href":"https:\/\/api.w.org\/{rel}","templated":true}]}}