{"id":24364,"date":"2022-10-06T19:06:21","date_gmt":"2022-10-06T17:06:21","guid":{"rendered":"https:\/\/www.mladibl.com\/?p=24364"},"modified":"2022-10-06T19:06:22","modified_gmt":"2022-10-06T17:06:22","slug":"trkacki-spektakl-u-nedjelju-sve-je-spremno-za-2-banja-luka-maraton","status":"publish","type":"post","link":"https:\/\/www.mladibl.com\/?p=24364","title":{"rendered":"Trka\u010dki spektakl u nedjelju: Sve je spremno za \u201e2. Banja Luka maraton\u201c"},"content":{"rendered":"\n<p>U Banjoj Luci \u0107e u nedjelju, 9. oktobra drugi put u organizaciji TRK-a, biti odr\u017ean Banja Luka maraton 42.2K.<\/p>\n\n\n\n<p>Organizatori poru\u010duju kako ove godine imaju potpuno novi logo.<\/p>\n\n\n\n<p>-Glavni razlog za novi logo je do\u0161ao od potrebe da se jo\u0161 vi\u0161e defini\u0161emo kao gradski doga\u0111aj koji na najbolji na\u010din promovi\u0161e na\u0161 grad i dr\u017eavu. Ima umjetni\u010dku notu, tu su i dalje dajak i rijeka Vrbas, ali dominira kula Kastela, gdje je i ove godine cilj na\u0161ih trka, a i ve\u0107ina doga\u0111anja \u2013 poru\u010dili su.<\/p>\n\n\n\n<p>Dodaju kako je start je na Trgu Krajine a cilj na tvr\u0111avi Kastel.<\/p>\n\n\n\n<p>Ove godine, ova manifestacija se sastoji iz ukupno \u0161est trka i to: maraton, polumaraton, 10K, \u0161tafeta od 2 osobe koje tr\u010de 10km, \u201eFan ran\u201c, trka od 500 metara i Bambini maraton.<\/p>\n\n\n\n<p>-Slogan je ostao isti \u201eBudi heroj Banje Luke\u201c. Na\u0161 slogan je poziv Banjalu\u010danima, pa onda i svima drugima da u\u010destvuju i herojski osvoje izabranu distancu \u2013 dodaju organizatori.<\/p>\n\n\n\n<p>Isti\u010du kako je \u201eBanjaluka maraton\u201c do sada na visokom nivou promovisao kako Grad Banju Luku, tako i cijelu Republiku Srpsku, ali i Bosnu u Hercegovinu.<\/p>\n\n\n\n<p>Grad Banja Luka je podr\u017eao ovaj doga\u0111aj.<\/p>\n\n\n\n<p>Preuzeto sa: <a href=\"https:\/\/www.banjaluka.rs.ba\/trkacki-spektakl-u-nedjelju-sve-je-spremno-za-2-banja-luka-maraton\/\" target=\"_blank\" rel=\"noreferrer noopener\">Grad Banja Luka<\/a><\/p>\n","protected":false},"excerpt":{"rendered":"<p>U Banjoj Luci \u0107e u nedjelju, 9. oktobra drugi put u organizaciji TRK-a, biti odr\u017ean Banja Luka maraton 42.2K. Organizatori<\/p>\n","protected":false},"author":1,"featured_media":24355,"comment_status":"closed","ping_status":"open","sticky":false,"template":"","format":"standard","meta":{"om_disable_all_campaigns":false,"_monsterinsights_skip_tracking":false,"_monsterinsights_sitenote_active":false,"_monsterinsights_sitenote_note":"","_monsterinsights_sitenote_category":0,"footnotes":""},"categories":[2],"tags":[53,6507,3098],"class_list":["post-24364","post","type-post","status-publish","format-standard","has-post-thumbnail","hentry","category-vijesti","tag-banja-luka","tag-maraton","tag-trcanje"],"jetpack_featured_media_url":"https:\/\/www.mladibl.com\/wp-content\/uploads\/2022\/10\/Trkacki-spektakl-u-nedjelju-Sve-je-spremno-za-\u201e2.-Banja-Luka-maraton.jpg","amp_enabled":true,"_links":{"self":[{"href":"https:\/\/www.mladibl.com\/index.php?rest_route=\/wp\/v2\/posts\/24364","targetHints":{"allow":["GET"]}}],"collection":[{"href":"https:\/\/www.mladibl.com\/index.php?rest_route=\/wp\/v2\/posts"}],"about":[{"href":"https:\/\/www.mladibl.com\/index.php?rest_route=\/wp\/v2\/types\/post"}],"author":[{"embeddable":true,"href":"https:\/\/www.mladibl.com\/index.php?rest_route=\/wp\/v2\/users\/1"}],"replies":[{"embeddable":true,"href":"https:\/\/www.mladibl.com\/index.php?rest_route=%2Fwp%2Fv2%2Fcomments&post=24364"}],"version-history":[{"count":1,"href":"https:\/\/www.mladibl.com\/index.php?rest_route=\/wp\/v2\/posts\/24364\/revisions"}],"predecessor-version":[{"id":24365,"href":"https:\/\/www.mladibl.com\/index.php?rest_route=\/wp\/v2\/posts\/24364\/revisions\/24365"}],"wp:featuredmedia":[{"embeddable":true,"href":"https:\/\/www.mladibl.com\/index.php?rest_route=\/wp\/v2\/media\/24355"}],"wp:attachment":[{"href":"https:\/\/www.mladibl.com\/index.php?rest_route=%2Fwp%2Fv2%2Fmedia&parent=24364"}],"wp:term":[{"taxonomy":"category","embeddable":true,"href":"https:\/\/www.mladibl.com\/index.php?rest_route=%2Fwp%2Fv2%2Fcategories&post=24364"},{"taxonomy":"post_tag","embeddable":true,"href":"https:\/\/www.mladibl.com\/index.php?rest_route=%2Fwp%2Fv2%2Ftags&post=24364"}],"curies":[{"name":"wp","href":"https:\/\/api.w.org\/{rel}","templated":true}]}}