{"id":24360,"date":"2022-10-06T19:03:41","date_gmt":"2022-10-06T17:03:41","guid":{"rendered":"https:\/\/www.mladibl.com\/?p=24360"},"modified":"2022-10-06T19:03:42","modified_gmt":"2022-10-06T17:03:42","slug":"dom-omladine-mjesto-dobrog-zvuka-koncert-polaznika-muzickog-ateljea-rok-simfonija","status":"publish","type":"post","link":"https:\/\/www.mladibl.com\/?p=24360","title":{"rendered":"Dom omladine: Mjesto dobrog zvuka, koncert polaznika Muzi\u010dkog ateljea \u201eRok simfonija\u201c"},"content":{"rendered":"\n<p>U Domu omladine, 7. oktobra, bi\u0107e odr\u017ean koncert polaznika Muzi\u010dkog ateljea \u201eRok simfonija\u201c.<\/p>\n\n\n\n<p>\u010cetiri klase, razli\u010diti uzrasti i \u017eanrovska raznolikost. Polaznici iz klasa: Dragan Moconja, Vanja Cvijanovi\u0107, Du\u0161ko Cikota i Kristina Moconja spremni su za novi nastup \u2013 poru\u010dili iz ovog muzi\u010dkog ateljea.<\/p>\n\n\n\n<p>Ina\u010de, raznoliki sadr\u017eaji koji su odr\u017eani u proteklom periodu u Domu omladine pokazuju da je ovaj prostor vra\u0107en u ruke mladih.<\/p>\n\n\n\n<p>Dom omladine otvorio je svoja vrata i brojnim udru\u017eenjima, koja su koristila ovaj prostor za organizaciju svojih aktivnosti, organizovane su i izlo\u017ebe i mini sajmovi, \u010dime je ostvarena namjera gradske administracije da nakon revitalizacije ovaj prostor postane pravi dragstor za mlade.<\/p>\n\n\n\n<p>Podsje\u0107amo,u protekloj, 2021. godini, Dom omladine je ure\u0111en, a ve\u0107i dio prostorija opremljen je novim namje\u0161tajem i dodatnom tehni\u010dkom opremom. Uz sve to, zamijenjeni su podovi u plesnoj sali u dijelu amfiteatra, gdje se nalazi scena.<\/p>\n\n\n\n<p>Tako\u0111e, u ovim prostorijama zamijenjena je i rasvjeta, pa je tako postoje\u0107a neonska zamijenjena potpuno novom, led rasvjetom. Prostorije Doma omladine dobile su i lift kako bi pristup krovnom prostoru, koji je nedavno promovisan i stavljen u upotrebu, bio prilago\u0111en osobama sa invaliditetom.<\/p>\n\n\n\n<p>Preuzeto sa: <a href=\"https:\/\/www.banjaluka.rs.ba\/dom-omladine-mjesto-dobrog-zvuka\/\" target=\"_blank\" rel=\"noreferrer noopener\">Grad Banja Luka<\/a><\/p>\n","protected":false},"excerpt":{"rendered":"<p>U Domu omladine, 7. oktobra, bi\u0107e odr\u017ean koncert polaznika Muzi\u010dkog ateljea \u201eRok simfonija\u201c. \u010cetiri klase, razli\u010diti uzrasti i \u017eanrovska raznolikost.<\/p>\n","protected":false},"author":1,"featured_media":24357,"comment_status":"closed","ping_status":"open","sticky":false,"template":"","format":"standard","meta":{"om_disable_all_campaigns":false,"_monsterinsights_skip_tracking":false,"_monsterinsights_sitenote_active":false,"_monsterinsights_sitenote_note":"","_monsterinsights_sitenote_category":0,"footnotes":""},"categories":[2],"tags":[21,3536,9671,8579],"class_list":["post-24360","post","type-post","status-publish","format-standard","has-post-thumbnail","hentry","category-vijesti","tag-dom-omladine","tag-koncert","tag-muzicki-atelje","tag-rok-simfonija"],"jetpack_featured_media_url":"https:\/\/www.mladibl.com\/wp-content\/uploads\/2022\/10\/Dom-omladine-Mjesto-dobrog-zvuka-koncert-polaznika-Muzickog-ateljea-\u201eRok-simfonija.jpg","amp_enabled":true,"_links":{"self":[{"href":"https:\/\/www.mladibl.com\/index.php?rest_route=\/wp\/v2\/posts\/24360","targetHints":{"allow":["GET"]}}],"collection":[{"href":"https:\/\/www.mladibl.com\/index.php?rest_route=\/wp\/v2\/posts"}],"about":[{"href":"https:\/\/www.mladibl.com\/index.php?rest_route=\/wp\/v2\/types\/post"}],"author":[{"embeddable":true,"href":"https:\/\/www.mladibl.com\/index.php?rest_route=\/wp\/v2\/users\/1"}],"replies":[{"embeddable":true,"href":"https:\/\/www.mladibl.com\/index.php?rest_route=%2Fwp%2Fv2%2Fcomments&post=24360"}],"version-history":[{"count":1,"href":"https:\/\/www.mladibl.com\/index.php?rest_route=\/wp\/v2\/posts\/24360\/revisions"}],"predecessor-version":[{"id":24361,"href":"https:\/\/www.mladibl.com\/index.php?rest_route=\/wp\/v2\/posts\/24360\/revisions\/24361"}],"wp:featuredmedia":[{"embeddable":true,"href":"https:\/\/www.mladibl.com\/index.php?rest_route=\/wp\/v2\/media\/24357"}],"wp:attachment":[{"href":"https:\/\/www.mladibl.com\/index.php?rest_route=%2Fwp%2Fv2%2Fmedia&parent=24360"}],"wp:term":[{"taxonomy":"category","embeddable":true,"href":"https:\/\/www.mladibl.com\/index.php?rest_route=%2Fwp%2Fv2%2Fcategories&post=24360"},{"taxonomy":"post_tag","embeddable":true,"href":"https:\/\/www.mladibl.com\/index.php?rest_route=%2Fwp%2Fv2%2Ftags&post=24360"}],"curies":[{"name":"wp","href":"https:\/\/api.w.org\/{rel}","templated":true}]}}