{"id":2433,"date":"2020-08-07T13:23:29","date_gmt":"2020-08-07T11:23:29","guid":{"rendered":"http:\/\/www.mladibl.com\/?p=2433"},"modified":"2020-08-07T13:23:31","modified_gmt":"2020-08-07T11:23:31","slug":"od-jeseni-praksa-za-21-studenta-u-gradskoj-upravi","status":"publish","type":"post","link":"https:\/\/www.mladibl.com\/?p=2433","title":{"rendered":"Od jeseni praksa za 21 studenta u Gradskoj upravi"},"content":{"rendered":"\n<p>Studentsku praksu u organinma i ustanovama Gradske uprave, u narednoj \u0161kolskoj godini, obavlja\u0107e 21 student Univerziteta u Banjoj Luci, objavljeno je nakon dana\u0161njeg sastanka gradona\u010delnika Igora Radoji\u010di\u0107a i rektora Univerziteta u Banjoj Luci Radoslava Gajanina.<\/p>\n\n\n\n<p>Tako\u0111e, Grad Banja Luka \u0107e pomo\u0107i izgradnju vrti\u0107a i nastavno-edukativnog centra u okviru Univerzitetskog grada (kampusa) koji \u0107e prevashodno slu\u017eiti za smje\u0161taj djece, ali i za obrazovanje kadova iz oblasti pred\u0161kolskog vaspitanja.<\/p>\n\n\n\n<p>Grad Banja Luka i Univerzitet u Banjoj Luci imaju mnogo zjaedni\u010dkih interesa i poslova koje radimo i koje \u0107emo ubudu\u0107e raditi. Brojni nastavnici Univerziteta u Banjoj Luci su anga\u017eovani na projektima koje Grad realaizuje i za nas je to od velike va\u017enosti. S po\u010detkom jeseni, primi\u0107emo novu generaciju sta\u017eista u Gradsku upravu i gradske ustanove \u2013 rekao je Radoji\u010di\u0107.<\/p>\n\n\n\n<p>Kada je u pitanju izgradnja vrti\u0107a u prostoru kampusa, Radoji\u010di\u0107 je objasnio da posao vode Vlada RS i Univerzitet, a da \u0107e Grad uraditi projektovanje.  On je istakao da Grad uvijek stoji na raspolaganju kada je u pitanju infrastruktura u prostoru kampusa i da se trenutno razgovara o odre\u0111enim sportskim sadr\u017eajima i ure\u0111enju saobra\u0107ajnica.<\/p>\n\n\n\n<p>Rektor Univerziteta u Banjoj Luci Radoslav Gajanin, kazao je da su studenti za obavljanje studenstke prakse odabrani putem konkursa i, ve\u0107 sa po\u010detkom akademske godine, studenti \u0107e imati priliku da stupe na posao.<\/p>\n\n\n\n<p>Ovo je tre\u0107a godina uzastopno u kojoj organizujemo studentsku praksu i zahvalni smo Gradskoj upravi koja je imala razumijevanja za potrebe Univerziteta i na\u0161ih studenata. Strate\u0161ko opredjeljenje na\u0161e visoko\u0161kolske ustanove jeste pove\u0107anje obima prakti\u010dnog dijela nastave i pobolj\u0161anje izlaznih kompetencija studenata koji zavr\u0161avaju fakultete, a mi \u0107emo u narednom periodu pokrenuti inicijativu da izvo\u0111enje prakti\u010dne nastave bude obavezno, a ne fakultativno \u2013 naglasio je Gajanin.<\/p>\n\n\n\n<p>Susret gradona\u010delnika Radoji\u010di\u0107a i rektora Gajanina dio je ve\u0107 ustanovljeene prakse da se \u010delni ljudi grada i Univerziteta sastaju svakih \u0161est mjeseci kako bi razmotrili aktuelne teme.<\/p>\n\n\n\n<p>Preuzeto sa: <a href=\"http:\/\/www.banjaluka.rs.ba\/%d0%be%d0%b4-%d1%98%d0%b5%d1%81%d0%b5%d0%bd%d0%b8-%d0%bf%d1%80%d0%b0%d0%ba%d1%81%d0%b0-%d0%b7%d0%b0-21-%d1%81%d1%82%d1%83%d0%b5%d0%b4%d0%bd%d1%82%d0%b0-%d1%83-%d0%b3%d1%80%d0%b0%d0%b4%d1%81%d0%ba\/\" target=\"_blank\" rel=\"noreferrer noopener\" aria-label=\"Grad Banja Luka (opens in a new tab)\">Grad Banja Luka<\/a><\/p>\n","protected":false},"excerpt":{"rendered":"<p>Studentsku praksu u organinma i ustanovama Gradske uprave, u narednoj \u0161kolskoj godini, obavlja\u0107e 21 student Univerziteta u Banjoj Luci, objavljeno<\/p>\n","protected":false},"author":1,"featured_media":2434,"comment_status":"closed","ping_status":"open","sticky":false,"template":"","format":"standard","meta":{"om_disable_all_campaigns":false,"_monsterinsights_skip_tracking":false,"_monsterinsights_sitenote_active":false,"_monsterinsights_sitenote_note":"","_monsterinsights_sitenote_category":0,"footnotes":""},"categories":[2],"tags":[27,344,304],"class_list":["post-2433","post","type-post","status-publish","format-standard","has-post-thumbnail","hentry","category-vijesti","tag-grad-banja-luka","tag-gradska-uprava","tag-studentska-praksa"],"jetpack_featured_media_url":"https:\/\/www.mladibl.com\/wp-content\/uploads\/2020\/08\/Od-jeseni-praksa-za-21-studenta-u-Gradskoj-upravi.jpg","amp_enabled":true,"_links":{"self":[{"href":"https:\/\/www.mladibl.com\/index.php?rest_route=\/wp\/v2\/posts\/2433","targetHints":{"allow":["GET"]}}],"collection":[{"href":"https:\/\/www.mladibl.com\/index.php?rest_route=\/wp\/v2\/posts"}],"about":[{"href":"https:\/\/www.mladibl.com\/index.php?rest_route=\/wp\/v2\/types\/post"}],"author":[{"embeddable":true,"href":"https:\/\/www.mladibl.com\/index.php?rest_route=\/wp\/v2\/users\/1"}],"replies":[{"embeddable":true,"href":"https:\/\/www.mladibl.com\/index.php?rest_route=%2Fwp%2Fv2%2Fcomments&post=2433"}],"version-history":[{"count":1,"href":"https:\/\/www.mladibl.com\/index.php?rest_route=\/wp\/v2\/posts\/2433\/revisions"}],"predecessor-version":[{"id":2435,"href":"https:\/\/www.mladibl.com\/index.php?rest_route=\/wp\/v2\/posts\/2433\/revisions\/2435"}],"wp:featuredmedia":[{"embeddable":true,"href":"https:\/\/www.mladibl.com\/index.php?rest_route=\/wp\/v2\/media\/2434"}],"wp:attachment":[{"href":"https:\/\/www.mladibl.com\/index.php?rest_route=%2Fwp%2Fv2%2Fmedia&parent=2433"}],"wp:term":[{"taxonomy":"category","embeddable":true,"href":"https:\/\/www.mladibl.com\/index.php?rest_route=%2Fwp%2Fv2%2Fcategories&post=2433"},{"taxonomy":"post_tag","embeddable":true,"href":"https:\/\/www.mladibl.com\/index.php?rest_route=%2Fwp%2Fv2%2Ftags&post=2433"}],"curies":[{"name":"wp","href":"https:\/\/api.w.org\/{rel}","templated":true}]}}