{"id":24103,"date":"2022-09-28T00:29:11","date_gmt":"2022-09-27T22:29:11","guid":{"rendered":"https:\/\/www.mladibl.com\/?p=24103"},"modified":"2022-09-28T00:33:51","modified_gmt":"2022-09-27T22:33:51","slug":"budi-dio-devete-apo-generacije","status":"publish","type":"post","link":"https:\/\/www.mladibl.com\/?p=24103","title":{"rendered":"Budi dio devete APO generacije!"},"content":{"rendered":"\n<p>Prijavi se za devetu generaciju Akademiju politi\u010dke odgovornosti<\/p>\n\n\n\n<p>Budi dio devete APO generacije!<\/p>\n\n\n\n<p>Nakon uspje\u0161ne realizacije osam generacija Akademije (2014 \u2013 2021), Fondacija Boris Divkovi\u0107 objavljuje poziv za u\u010de\u0161\u0107e na devetoj Akademiji politi\u010dke odgovornosti.<\/p>\n\n\n\n<p>Cilj Akademije je uspostaviti novu politi\u010dku kulturu u BiH, koja je nezaobilazan preduvjet u\u010dinkovitog funkcionisanja politi\u010dkih struktura i miroljubivog su\u017eivota u Bosni i Hercegovini.<\/p>\n\n\n\n<p>Bez nove politi\u010dke kulture, bit \u0107e nemogu\u0107e prevladati stalne politi\u010dke krize, po\u010dev\u0161i od ustavno-teritorijalnog ustroja i postratno-tranzicijske traume koja se ogleda u razli\u010ditim segmentima dru\u0161tva. Obrazovanjem mladih ljudi koji predstavlju novu generaciju politi\u010darki i politi\u010dara te razgovorima o temama koje nisu zastupljene u bh. politi\u010dkom \u017eivotu, mo\u017eemo utjecati na uvo\u0111enje pozitivnih primjera u politi\u010dki \u017eivot BiH.<\/p>\n\n\n\n<p>Ko se mo\u017ee prijaviti?<\/p>\n\n\n\n<ul class=\"wp-block-list\"><li>Mlade politi\u010darke i politi\u010dari od 18 do 35 godina iz razli\u010ditih bh. politi\u010dkih stranaka;<\/li><li>Mlade zastupnice i zastupnici od 18 do 35 godina u razli\u010ditim politi\u010dkim strukturama zemlje (parlamenti, ministarstva, vlade i sl.);<\/li><li>Mladi iz razli\u010ditih nevladinih organizacija \u010dije je te\u017ei\u0161ta rada u sferi politike;<\/li><li>Mlade novinarke i novinari \u010dije se te\u017ei\u0161ta rada ti\u010de analize i predstavljanja politi\u010dkih procesa u zemlji;<\/li><li>Studentice i studenti politi\u010dkih i dru\u0161tvenih nauka.<\/li><\/ul>\n\n\n\n<p>Struktura akademije:<\/p>\n\n\n\n<p>Akademija politi\u010dke odgovornosti ima dva modula koja traju po tri dana. Obuhvata teme koje se ti\u010du politi\u010dke kulture, dominantne paradigme regionalne politi\u010dke kulture, odnos politike, civilnog dru\u0161tva i obrazovanja, politiku sje\u0107anja, definisanja medija kao prostora manifestacije i oblikovanja politi\u010dke kulture, odnos religije i ekonomije u politi\u010dkom kontekstu, izazovi populizma, te odnos politike i rodne ravnopravnosti.<\/p>\n\n\n\n<p>Period odr\u017eavanja Akademije:<\/p>\n\n\n\n<p>Prvi modul Akademije \u0107e se odr\u017eati u periodu od 18. do 20. novembra 2022. godine. Lokacija \u0107e biti naknadno potvr\u0111ena.<\/p>\n\n\n\n<p>Drugi modul Akademije \u0107e se odr\u017eati u maju 2023. godine. Lokacija \u0107e biti naknadno potvr\u0111ena.<\/p>\n\n\n\n<p>Tro\u0161kovi Akademije<\/p>\n\n\n\n<p>Organizatori snose tro\u0161kove puta, smje\u0161taja, hrane, osvje\u017eenja te u\u010de\u0161\u0107a na Akademiji.<\/p>\n\n\n\n<p>KRAJNJI ROK ZA PRIJAVE: 14.10.2022.<\/p>\n\n\n\n<p>U slu\u010daju ve\u0107eg broja prijava, organizatori \u0107e vr\u0161iti izbor 25 polaznica i polaznika, uzimaju\u0107i u obzir spolnu, strana\u010dku, nevladinog i medijskog sektora, kao i regionalnu zastupljenost. Odabrane polaznice i polaznici bit \u0107e obavije\u0161teni o tome do 1. novembra 2022. godine. Sretno!<\/p>\n\n\n\n<p>U slu\u010daju dodatnih pitanja, pi\u0161i nam na bdf.office2020@gmail.com ili na na\u0161e profile na dru\u0161tvenim mre\u017eama.<\/p>\n\n\n\n<p>Prijaviti se mo\u017ee\u0161 <strong><a href=\"https:\/\/docs.google.com\/forms\/d\/e\/1FAIpQLSddNopQ7YA8zweer_1PhTVsr5G6JayzY0O_mNXS57z9BoFnlg\/viewform\" target=\"_blank\" rel=\"noreferrer noopener\">OVDJE<\/a><\/strong><\/p>\n\n\n\n<p>Akademiju politi\u010dke odgovornosti podr\u017eali su Centerpartiets Internationella Stiftelse \u2013 CIS i Heinrich-B\u00f6ll-Stiftung Sarajevo.<\/p>\n\n\n\n<p>Preuzeto sa: <a href=\"https:\/\/lonac.pro\/bs\/budi-dio-devete-apo-generacije\" target=\"_blank\" rel=\"noreferrer noopener\">lonac.pro<\/a><\/p>\n","protected":false},"excerpt":{"rendered":"<p>Prijavi se za devetu generaciju Akademiju politi\u010dke odgovornosti Budi dio devete APO generacije! Nakon uspje\u0161ne realizacije osam generacija Akademije (2014<\/p>\n","protected":false},"author":1,"featured_media":24076,"comment_status":"closed","ping_status":"open","sticky":false,"template":"","format":"standard","meta":{"om_disable_all_campaigns":false,"_monsterinsights_skip_tracking":false,"_monsterinsights_sitenote_active":false,"_monsterinsights_sitenote_note":"","_monsterinsights_sitenote_category":0,"footnotes":""},"categories":[4,8692],"tags":[6620,33,2248],"class_list":["post-24103","post","type-post","status-publish","format-standard","has-post-thumbnail","hentry","category-edukacija","category-izdvajamo","tag-akademija-politicke-odgovornosti","tag-mladi","tag-politika"],"jetpack_featured_media_url":"https:\/\/www.mladibl.com\/wp-content\/uploads\/2022\/09\/Budi-dio-devete-APO-generacije.jpg","amp_enabled":true,"_links":{"self":[{"href":"https:\/\/www.mladibl.com\/index.php?rest_route=\/wp\/v2\/posts\/24103","targetHints":{"allow":["GET"]}}],"collection":[{"href":"https:\/\/www.mladibl.com\/index.php?rest_route=\/wp\/v2\/posts"}],"about":[{"href":"https:\/\/www.mladibl.com\/index.php?rest_route=\/wp\/v2\/types\/post"}],"author":[{"embeddable":true,"href":"https:\/\/www.mladibl.com\/index.php?rest_route=\/wp\/v2\/users\/1"}],"replies":[{"embeddable":true,"href":"https:\/\/www.mladibl.com\/index.php?rest_route=%2Fwp%2Fv2%2Fcomments&post=24103"}],"version-history":[{"count":1,"href":"https:\/\/www.mladibl.com\/index.php?rest_route=\/wp\/v2\/posts\/24103\/revisions"}],"predecessor-version":[{"id":24104,"href":"https:\/\/www.mladibl.com\/index.php?rest_route=\/wp\/v2\/posts\/24103\/revisions\/24104"}],"wp:featuredmedia":[{"embeddable":true,"href":"https:\/\/www.mladibl.com\/index.php?rest_route=\/wp\/v2\/media\/24076"}],"wp:attachment":[{"href":"https:\/\/www.mladibl.com\/index.php?rest_route=%2Fwp%2Fv2%2Fmedia&parent=24103"}],"wp:term":[{"taxonomy":"category","embeddable":true,"href":"https:\/\/www.mladibl.com\/index.php?rest_route=%2Fwp%2Fv2%2Fcategories&post=24103"},{"taxonomy":"post_tag","embeddable":true,"href":"https:\/\/www.mladibl.com\/index.php?rest_route=%2Fwp%2Fv2%2Ftags&post=24103"}],"curies":[{"name":"wp","href":"https:\/\/api.w.org\/{rel}","templated":true}]}}