{"id":24064,"date":"2022-09-26T21:20:20","date_gmt":"2022-09-26T19:20:20","guid":{"rendered":"https:\/\/www.mladibl.com\/?p=24064"},"modified":"2022-09-26T21:20:21","modified_gmt":"2022-09-26T19:20:21","slug":"konkurs-fondacije-konrad-adenauer","status":"publish","type":"post","link":"https:\/\/www.mladibl.com\/?p=24064","title":{"rendered":"Konkurs Fondacije &#8220;Konrad Adenauer&#8221;"},"content":{"rendered":"\n<p>Raspisan je konkurs Fondacije &#8220;Konrad Adenauer&#8221; za dodjelu 20 stipendija.<\/p>\n\n\n\n<p>Na ovaj poziv mogu se prijaviti kandidati koji ispunjavaju sljede\u0107e uslove:<\/p>\n\n\n\n<ul class=\"wp-block-list\"><li>da je redovan student prvog ili drugog ciklusa studija ili \u010detvrte ili pete godine integrisanog studija (sve studijske grupe) na nekom od univerziteta u BiH u akademskoj 2022\/2023. godini,<\/li><li>da je aktivno volonterski anga\u017eovan u dru\u0161tvu,<\/li><li>da ima prosjek ocjena najmanje 8,00 odnosno 3,5 (svi ispiti od po\u010detka studija uklju\u010duju\u0107i i prvi ciklus),<\/li><li>da je dr\u017eavljanin BiH, starosti do 30 godina, te da nije u radnom odnosu,<br>kandidat treba da po\u0161tuje vrijednosti Fondacije, te ne smije primati druge oblike stipendije.<\/li><\/ul>\n\n\n\n<p>Rok za dostavljanje prijava je 30. septembar 2022. godine.<\/p>\n\n\n\n<p>Uslovi konkursa i potrebne informacije nalaze se u <strong><a href=\"https:\/\/unibl.org\/uploads\/files\/vesti\/2022\/09\/Konkurs%202022%20(1).doc\" target=\"_blank\" rel=\"noreferrer noopener\">prilogu<\/a><\/strong> i <strong><a href=\"https:\/\/www.kas.de\/bs\/kas-international\/detail\/-\/content\/20-stipendija-za-2022-2023-godinu\" target=\"_blank\" rel=\"noreferrer noopener\">ovdje<\/a><\/strong>.<\/p>\n\n\n\n<p>Preuzeto sa: <a href=\"https:\/\/unibl.org\/sr-lat\/vesti\/2022\/09\/konkurs-fondacije-konrad-adenauer\" target=\"_blank\" rel=\"noreferrer noopener\">Univerzitet u Banjoj Luci<\/a><\/p>\n","protected":false},"excerpt":{"rendered":"<p>Raspisan je konkurs Fondacije &#8220;Konrad Adenauer&#8221; za dodjelu 20 stipendija. Na ovaj poziv mogu se prijaviti kandidati koji ispunjavaju sljede\u0107e<\/p>\n","protected":false},"author":1,"featured_media":24040,"comment_status":"closed","ping_status":"open","sticky":false,"template":"","format":"standard","meta":{"om_disable_all_campaigns":false,"_monsterinsights_skip_tracking":false,"_monsterinsights_sitenote_active":false,"_monsterinsights_sitenote_note":"","_monsterinsights_sitenote_category":0,"footnotes":""},"categories":[5],"tags":[306,6078,60],"class_list":["post-24064","post","type-post","status-publish","format-standard","has-post-thumbnail","hentry","category-stipendije","tag-konkurs","tag-konrad-adenauer","tag-stipendije"],"jetpack_featured_media_url":"https:\/\/www.mladibl.com\/wp-content\/uploads\/2022\/09\/Fondacija-Konrad-Adenauer.jpg","amp_enabled":true,"_links":{"self":[{"href":"https:\/\/www.mladibl.com\/index.php?rest_route=\/wp\/v2\/posts\/24064","targetHints":{"allow":["GET"]}}],"collection":[{"href":"https:\/\/www.mladibl.com\/index.php?rest_route=\/wp\/v2\/posts"}],"about":[{"href":"https:\/\/www.mladibl.com\/index.php?rest_route=\/wp\/v2\/types\/post"}],"author":[{"embeddable":true,"href":"https:\/\/www.mladibl.com\/index.php?rest_route=\/wp\/v2\/users\/1"}],"replies":[{"embeddable":true,"href":"https:\/\/www.mladibl.com\/index.php?rest_route=%2Fwp%2Fv2%2Fcomments&post=24064"}],"version-history":[{"count":1,"href":"https:\/\/www.mladibl.com\/index.php?rest_route=\/wp\/v2\/posts\/24064\/revisions"}],"predecessor-version":[{"id":24065,"href":"https:\/\/www.mladibl.com\/index.php?rest_route=\/wp\/v2\/posts\/24064\/revisions\/24065"}],"wp:featuredmedia":[{"embeddable":true,"href":"https:\/\/www.mladibl.com\/index.php?rest_route=\/wp\/v2\/media\/24040"}],"wp:attachment":[{"href":"https:\/\/www.mladibl.com\/index.php?rest_route=%2Fwp%2Fv2%2Fmedia&parent=24064"}],"wp:term":[{"taxonomy":"category","embeddable":true,"href":"https:\/\/www.mladibl.com\/index.php?rest_route=%2Fwp%2Fv2%2Fcategories&post=24064"},{"taxonomy":"post_tag","embeddable":true,"href":"https:\/\/www.mladibl.com\/index.php?rest_route=%2Fwp%2Fv2%2Ftags&post=24064"}],"curies":[{"name":"wp","href":"https:\/\/api.w.org\/{rel}","templated":true}]}}