{"id":24025,"date":"2022-09-25T18:38:57","date_gmt":"2022-09-25T16:38:57","guid":{"rendered":"https:\/\/www.mladibl.com\/?p=24025"},"modified":"2022-09-25T18:38:58","modified_gmt":"2022-09-25T16:38:58","slug":"prijavite-se-na-ciklus-webinara-iz-oblasti-prava","status":"publish","type":"post","link":"https:\/\/www.mladibl.com\/?p=24025","title":{"rendered":"Prijavite se na ciklus webinara iz oblasti prava"},"content":{"rendered":"\n<p>Investicijska fondacija Impakt poziva sve zainteresirane da se prijave na ciklus webinara iz oblasti prava, koja \u0107e biti realizirana u mjesecu oktobru i novembru, radionice \u0107e biti odr\u017eavane preko ZOOM aplikacije, a u\u010desnicima \u0107e biti proslije\u0111en pristupni link prije svake radionice.<\/p>\n\n\n\n<p>Teme koje \u0107emo obra\u0111ivati, predstavljaju teme koju su neophodne za vo\u0111enje biznisa i potrebne su za va\u0161e svakodnevno poslovanje. Prva tema sa kojom kre\u0107omo ovaj ciklus webinara jeste \u201cPromjena subjekata u ugovornom odnosu: cesija, asignacija, kompenzacija i preuzimanje duga\u201d a webinar \u0107e se odr\u017eati idu\u0107e sedmice u \u010detvrtak (29.9.) sa po\u010detkom u 15:00 sati.<\/p>\n\n\n\n<p>Na ovom webinaru upoznat \u0107emo vas sa mogu\u0107no\u0161\u0107u izmirenja me\u0111usobnih nov\u010danih potra\u017eivanja i obaveza izme\u0111u u\u010desnika bez upotrebe nov\u010danih ekvivalenata. Vidjet \u0107emo \u0161ta je to obra\u010dunsko pla\u0107anje i kako je ono primamljiva opcija za poduzetnike i privredna dru\u0161tva koja imaju problem sa bonitetom i likvidno\u0161\u0107u. Te kako u dana\u0161nje vrijeme kada je tr\u017ei\u0161te nepredvidivo, a kriza u realnom sektoru jako izra\u017eena, veliku ulogu za opstanak na tr\u017ei\u0161tu igra naplata potra\u017eivanja.<\/p>\n\n\n\n<p>U narednom periodu \u0107emo organizovati webinare na sljede\u0107e teme:<\/p>\n\n\n\n<p>Kako uskladiti poslovanje sa Zakonom o za\u0161titi li\u010dnih podataka u Bosni i Hercegovini<\/p>\n\n\n\n<p>Sredstva obezbje\u0111enja ugovora u privredi<\/p>\n\n\n\n<p>Zakon o radu: zaklju\u010divanje ugovora o radu, prestanak ugovora o radu<\/p>\n\n\n\n<p>Zakon o radu : za\u0161tita prava radnika, nadzor nad primjenom Zakona o radu<\/p>\n\n\n\n<p>Zakon o radu: radno vrijeme, odmori, odsustva radnika<\/p>\n\n\n\n<p>Zakon o za\u0161titi potro\u0161a\u010da u Bosni i Hercegovini: odnosi izme\u0111u potro\u0161a\u010da, proizvo\u0111a\u010da i trgovaca na teritoriji Bosne i Hercegovine.<\/p>\n\n\n\n<p>Da biste u\u010destvovali na na\u0161im webinarima potrebno je da se prijavite putem online obrasca na narednom linku: <strong><a href=\"https:\/\/forms.gle\/Z8k1vSWnA1kj5NRt8\" target=\"_blank\" rel=\"noreferrer noopener\">https:\/\/forms.gle\/Z8k1vSWnA1kj5NRt8<\/a><\/strong><\/p>\n\n\n\n<figure class=\"wp-block-image size-full\"><img loading=\"lazy\" decoding=\"async\" width=\"800\" height=\"671\" src=\"http:\/\/www.mladibl.com\/wp-content\/uploads\/2022\/09\/Prijavite-se-na-ciklus-webinara-iz-oblasti-prava.jpg\" alt=\"\" class=\"wp-image-24001\" srcset=\"https:\/\/www.mladibl.com\/wp-content\/uploads\/2022\/09\/Prijavite-se-na-ciklus-webinara-iz-oblasti-prava.jpg 800w, https:\/\/www.mladibl.com\/wp-content\/uploads\/2022\/09\/Prijavite-se-na-ciklus-webinara-iz-oblasti-prava-300x252.jpg 300w, https:\/\/www.mladibl.com\/wp-content\/uploads\/2022\/09\/Prijavite-se-na-ciklus-webinara-iz-oblasti-prava-768x644.jpg 768w\" sizes=\"auto, (max-width: 800px) 100vw, 800px\" \/><\/figure>\n\n\n\n<p>Preuzeto sa: <a href=\"https:\/\/impakt.ba\/bih\/prijavite-se-na-ciklus-predavanja-iz-oblasti-poslovnog-i-privrednog-prava\" target=\"_blank\" rel=\"noreferrer noopener\">impakt.ba<\/a><\/p>\n","protected":false},"excerpt":{"rendered":"<p>Investicijska fondacija Impakt poziva sve zainteresirane da se prijave na ciklus webinara iz oblasti prava, koja \u0107e biti realizirana u<\/p>\n","protected":false},"author":1,"featured_media":24001,"comment_status":"closed","ping_status":"open","sticky":false,"template":"","format":"standard","meta":{"om_disable_all_campaigns":false,"_monsterinsights_skip_tracking":false,"_monsterinsights_sitenote_active":false,"_monsterinsights_sitenote_note":"","_monsterinsights_sitenote_category":0,"footnotes":""},"categories":[4],"tags":[189,902,3430],"class_list":["post-24025","post","type-post","status-publish","format-standard","has-post-thumbnail","hentry","category-edukacija","tag-pravo","tag-radionice","tag-webinari"],"jetpack_featured_media_url":"https:\/\/www.mladibl.com\/wp-content\/uploads\/2022\/09\/Prijavite-se-na-ciklus-webinara-iz-oblasti-prava.jpg","amp_enabled":true,"_links":{"self":[{"href":"https:\/\/www.mladibl.com\/index.php?rest_route=\/wp\/v2\/posts\/24025","targetHints":{"allow":["GET"]}}],"collection":[{"href":"https:\/\/www.mladibl.com\/index.php?rest_route=\/wp\/v2\/posts"}],"about":[{"href":"https:\/\/www.mladibl.com\/index.php?rest_route=\/wp\/v2\/types\/post"}],"author":[{"embeddable":true,"href":"https:\/\/www.mladibl.com\/index.php?rest_route=\/wp\/v2\/users\/1"}],"replies":[{"embeddable":true,"href":"https:\/\/www.mladibl.com\/index.php?rest_route=%2Fwp%2Fv2%2Fcomments&post=24025"}],"version-history":[{"count":1,"href":"https:\/\/www.mladibl.com\/index.php?rest_route=\/wp\/v2\/posts\/24025\/revisions"}],"predecessor-version":[{"id":24026,"href":"https:\/\/www.mladibl.com\/index.php?rest_route=\/wp\/v2\/posts\/24025\/revisions\/24026"}],"wp:featuredmedia":[{"embeddable":true,"href":"https:\/\/www.mladibl.com\/index.php?rest_route=\/wp\/v2\/media\/24001"}],"wp:attachment":[{"href":"https:\/\/www.mladibl.com\/index.php?rest_route=%2Fwp%2Fv2%2Fmedia&parent=24025"}],"wp:term":[{"taxonomy":"category","embeddable":true,"href":"https:\/\/www.mladibl.com\/index.php?rest_route=%2Fwp%2Fv2%2Fcategories&post=24025"},{"taxonomy":"post_tag","embeddable":true,"href":"https:\/\/www.mladibl.com\/index.php?rest_route=%2Fwp%2Fv2%2Ftags&post=24025"}],"curies":[{"name":"wp","href":"https:\/\/api.w.org\/{rel}","templated":true}]}}