{"id":23400,"date":"2022-09-05T00:03:19","date_gmt":"2022-09-04T22:03:19","guid":{"rendered":"https:\/\/www.mladibl.com\/?p=23400"},"modified":"2022-09-05T00:06:37","modified_gmt":"2022-09-04T22:06:37","slug":"otvoreno-psiholosko-savjetovaliste-za-studente-univerziteta-u-banjoj-luci","status":"publish","type":"post","link":"https:\/\/www.mladibl.com\/?p=23400","title":{"rendered":"Otvoreno Psiholo\u0161ko savjetovali\u0161te za studente Univerziteta u Banjoj Luci"},"content":{"rendered":"\n<p>Drage studetkinje i dragi studenti, kao \u0161to smo dugo najavljivali, stigao je i septembar, a sa njim i po\u010detak na\u0161eg rada sa klijentima. U prethodnom periodu ste imali priliku da se upoznate sa psihoterapeutima koji \u0107e vr\u0161iti usluge psihoterapije i savjetovanja u <strong><a href=\"https:\/\/www.facebook.com\/PsiholoskoSavjetovalisteZaStudenteUNIBL\/\" target=\"_blank\" rel=\"noreferrer noopener\">Psiholo\u0161ko savjetovali\u0161te za studente UNIBL<\/a><\/strong> , a sada je do\u0161lo vrijeme da vi zaka\u017eete svoje termine.<\/p>\n\n\n\n<p>Termin mo\u017eete zakazati tako \u0161to \u0107ete nam se javiti:<\/p>\n\n\n\n<ul class=\"wp-block-list\"><li>u inbox Facebook ili Instagram stranice,<\/li><li>putem na\u0161eg mejla <strong><a href=\"mailto:psiholoskosavjetovaliste@ff.unibl.org\" target=\"_blank\" rel=\"noreferrer noopener\">psiholoskosavjetovaliste@ff.unibl.org<\/a><\/strong> ili<\/li><li>putem kontakt broja 065\/464-555.<\/li><\/ul>\n\n\n\n<p>Modalitet javljanja je ne\u0161to \u0161to birate u skladu sa onim \u0161to je vama najpogodnija opcija.<\/p>\n\n\n\n<p>Prilikom javljanja va\u017eno nam je da napi\u0161ete svoje ime, kao i kontakt putem kojeg \u0107emo mo\u0107i da vas obavijestimo u vezi sa va\u0161im terminom.<\/p>\n\n\n\n<p>Savjetovanje \u0107e se vr\u0161iti u prostorijama Filozofskog fakuteta (vi\u0161e informacija nakon zakazivanja termina), a zakazivanje termina i rad sa korisnicima je organizovan na na\u010din koji po\u0161tuje diskreciju i privatnost klijenata, u skladu sa eti\u010dkim kodeksom svih psihoterapijskih pristupa i Evropske asocijacije za psihoterapiju (EAP).<\/p>\n\n\n\n<p>Od izuzetne va\u017enosti nam je da se studenti osje\u0107aju sigurno kako bismo uspostavili odnos povjerenja koji je za savjetodavni i psihoterapijski rad neophodan. Tu smo da zajedno gradimo put rasta i razvoja, postajemo ja\u010di, izlazimo iz zone komfora i \u010dinimo svijet ljep\u0161im mjestom. Hajde da zajedno stvorimo sigurno mjesto za sve nas!<\/p>\n\n\n\n<p>Aktivnost realizovana uz podr\u0161ku Projekta mentalnog zdravlja u BiH koji podr\u017eava vlada \u0160vicarske, a implementira IPD- Institute for Population and Development u saradnji sa Ministarstvom zdravlja i socijalne za\u0161tite Republike Srpske i Federalnim ministarstvom zdravstva.<\/p>\n\n\n\n<iframe loading=\"lazy\" src=\"https:\/\/www.facebook.com\/plugins\/post.php?href=https%3A%2F%2Fwww.facebook.com%2FFilozofskifakultetBanjaluka%2Fposts%2Fpfbid029dJMR6MAEFFiZP7v2Gzqt9SpnuqwWQ2Rp55D4xJhir2ev1gYNmJuXC5HmWWwHANil&amp;show_text=false&amp;width=500\" width=\"500\" height=\"498\" style=\"border:none;overflow:hidden\" scrolling=\"no\" frameborder=\"0\" allowfullscreen=\"true\" allow=\"autoplay; clipboard-write; encrypted-media; picture-in-picture; web-share\"><\/iframe>\n\n\n\n<p>Preuzeto sa: <a href=\"https:\/\/www.facebook.com\/FilozofskifakultetBanjaluka\/photos\/a.621556934573945\/5463429807053276\/\" target=\"_blank\" rel=\"noreferrer noopener\">Facebook \u0424\u0438\u043b\u043e\u0437\u043e\u0444\u0441\u043a\u0438 \u0444\u0430\u043a\u0443\u043b\u0442\u0435\u0442 \u0423\u043d\u0438\u0432\u0435\u0440\u0437\u0438\u0442\u0435\u0442\u0430 \u0443 \u0411\u0430\u045a\u043e\u0458 \u041b\u0443\u0446\u0438<\/a><\/p>\n","protected":false},"excerpt":{"rendered":"<p>Drage studetkinje i dragi studenti, kao \u0161to smo dugo najavljivali, stigao je i septembar, a sa njim i po\u010detak na\u0161eg<\/p>\n","protected":false},"author":1,"featured_media":23386,"comment_status":"closed","ping_status":"open","sticky":false,"template":"","format":"standard","meta":{"om_disable_all_campaigns":false,"_monsterinsights_skip_tracking":false,"_monsterinsights_sitenote_active":false,"_monsterinsights_sitenote_note":"","_monsterinsights_sitenote_category":0,"footnotes":""},"categories":[2],"tags":[1840,9434,62,74],"class_list":["post-23400","post","type-post","status-publish","format-standard","has-post-thumbnail","hentry","category-vijesti","tag-filozofski-fakultet","tag-psiholosko-savjetovaliste","tag-studenti","tag-univerzitet-u-banjoj-luci"],"jetpack_featured_media_url":"https:\/\/www.mladibl.com\/wp-content\/uploads\/2022\/09\/Psiholosko-savjetovaliste-za-studente-UNIBL.jpg","amp_enabled":true,"_links":{"self":[{"href":"https:\/\/www.mladibl.com\/index.php?rest_route=\/wp\/v2\/posts\/23400","targetHints":{"allow":["GET"]}}],"collection":[{"href":"https:\/\/www.mladibl.com\/index.php?rest_route=\/wp\/v2\/posts"}],"about":[{"href":"https:\/\/www.mladibl.com\/index.php?rest_route=\/wp\/v2\/types\/post"}],"author":[{"embeddable":true,"href":"https:\/\/www.mladibl.com\/index.php?rest_route=\/wp\/v2\/users\/1"}],"replies":[{"embeddable":true,"href":"https:\/\/www.mladibl.com\/index.php?rest_route=%2Fwp%2Fv2%2Fcomments&post=23400"}],"version-history":[{"count":2,"href":"https:\/\/www.mladibl.com\/index.php?rest_route=\/wp\/v2\/posts\/23400\/revisions"}],"predecessor-version":[{"id":23405,"href":"https:\/\/www.mladibl.com\/index.php?rest_route=\/wp\/v2\/posts\/23400\/revisions\/23405"}],"wp:featuredmedia":[{"embeddable":true,"href":"https:\/\/www.mladibl.com\/index.php?rest_route=\/wp\/v2\/media\/23386"}],"wp:attachment":[{"href":"https:\/\/www.mladibl.com\/index.php?rest_route=%2Fwp%2Fv2%2Fmedia&parent=23400"}],"wp:term":[{"taxonomy":"category","embeddable":true,"href":"https:\/\/www.mladibl.com\/index.php?rest_route=%2Fwp%2Fv2%2Fcategories&post=23400"},{"taxonomy":"post_tag","embeddable":true,"href":"https:\/\/www.mladibl.com\/index.php?rest_route=%2Fwp%2Fv2%2Ftags&post=23400"}],"curies":[{"name":"wp","href":"https:\/\/api.w.org\/{rel}","templated":true}]}}