{"id":2313,"date":"2020-07-31T12:27:21","date_gmt":"2020-07-31T10:27:21","guid":{"rendered":"http:\/\/www.mladibl.com\/?p=2313"},"modified":"2020-07-31T12:27:23","modified_gmt":"2020-07-31T10:27:23","slug":"kocicev-zbor-u-redukovanom-izdanju","status":"publish","type":"post","link":"https:\/\/www.mladibl.com\/?p=2313","title":{"rendered":"\u201eKo\u010di\u0107ev zbor\u201c u redukovanom izdanju"},"content":{"rendered":"\n<p>Zbog aktuelne epidemilo\u0161ke situacije, \u201e55. Ko\u010di\u0107ev zbor\u201c, bi\u0107e odr\u017ean u znatno redukovanom izdanju, a usljed aktuelnih ograni\u010denja javnih okupljanja, ove godine \u0107e izostati tradicionalno narodno zborovanje u Stri\u010di\u0107ima i bodljavina bikova, odlu\u010deno je na dana\u0161njoj sjednici Organizacionog odbora.<\/p>\n\n\n\n<p>Kako je istaknuto, zborovanje u  Stri\u010di\u0107ima otkazano je zbog aktuelne zabrane javnih okupljanja po kojoj nije mogu\u0107e organizovati javno okupljanje vi\u0161e od 50 osoba, a iz istog razloga, ne\u0107e biti odr\u017eana ni sve\u010dana akademija ove manifestacije.<\/p>\n\n\n\n<p>Odlukom Organizacionog odbora, \u201eKo\u010di\u0107ev zbor\u201c \u0107e ove godine, u periodu od 24. do 30. avgusta, biti obilje\u017een nizom, manjih, kulturnih doga\u0111aja, kojim \u0107e biti evocirano sje\u0107anje na najve\u0107eg knji\u017eevnika sa ovih prostora.<\/p>\n\n\n\n<p>Manifestacija \u0107e biti otvorena 24. avgusta, u 20.00 \u010dasova, u parku \u201ePetar Ko\u010di\u0107\u201c, izlo\u017ebom pod nazivom \u201eKo\u010di\u0107 i njegova porodica u fotografijama\u201c, autora Zorana Peja\u0161inovi\u0107a.<\/p>\n\n\n\n<p>Idu\u0107i dan, 25. avgusta, u parku \u0107e, u 20.00 \u010dasova, biti organizovano \u201eVe\u010de besjedni\u0161tva\u201c, na kojem \u0107e besjediti studenti iz Banje Luke, Bijeljine i Isto\u010dnog Sarajeva, dok je za 26. avgust u Muzeju RS, sa po\u010detkom u 19.30 \u010dasova, planirano otvaranje izlo\u017ebe kolekcije nakita \u201eTragovi\u201c, autora Sanje Baji\u0107. Iste ve\u010deri, u 20.00 \u010dasova, u parku \u201ePetar Ko\u010di\u0107\u201c bi\u0107e odr\u017eano \u201eVe\u010de satire\u201c, u organizaciji Udru\u017eenja knji\u017eevnika RS.<\/p>\n\n\n\n<p>U \u010detvrtak, 27. avgusta, u 11.00 \u010dasova, u Stri\u010di\u0107ima \u0107e biti otvorena ure\u0111ena ku\u0107a Petra Ko\u010di\u0107a, a istog dana, u 20.00 \u010dasova u parku \u201ePetar Ko\u010di\u0107\u201c planirano je \u201eVe\u010de drame\u201c. Tako\u0111e, 27. avgusta \u0107e biti polo\u017eeni vijenci na spomenik poginulim borcima Odbrambeno-otad\u017ebinskog rata.<\/p>\n\n\n\n<p>Prema utvr\u0111enom programu, u petak, 28. avgusta, u 20.00 \u010dasova u parku \u201ePetar Ko\u010di\u0107\u201c bi\u0107e uru\u010dena nagrada \u201eZmijanj\u010de\u201c, koje je ove godine pripala u\u010denici O\u0160 \u201eGeorgi Stojkov Rakovski\u201c Jani Brki\u0107.<\/p>\n\n\n\n<p>U subotu, 29. avgusta, gradona\u010delnik Igor Radoji\u010di\u0107 sve\u010dano \u0107e uru\u010diti \u201eKo\u010di\u0107evu nagradu\u201c knji\u017eevniku Nenadu Gruji\u010di\u0107u, a istog dana u 20.00 \u010dasova bi\u0107e otvorena izlo\u017eba sa pro\u0161logodi\u0161nje likovne kolonije.<\/p>\n\n\n\n<p>Preuzeto sa: <a href=\"http:\/\/www.banjaluka.rs.ba\/%d0%ba%d0%be%d1%87%d0%b8%d1%9b%d0%b5%d0%b2-%d0%b7%d0%b1%d0%be%d1%80-%d1%83-%d1%80%d0%b5%d0%b4%d1%83%d0%ba%d0%be%d0%b2%d0%b0%d0%bd%d0%be%d0%bc-%d0%b8%d0%b7%d0%b4%d0%b0%d1%9a%d1%83\/\" target=\"_blank\" rel=\"noreferrer noopener\" aria-label=\"Grad Banja Luka (opens in a new tab)\">Grad Banja Luka<\/a><\/p>\n","protected":false},"excerpt":{"rendered":"<p>Zbog aktuelne epidemilo\u0161ke situacije, \u201e55. Ko\u010di\u0107ev zbor\u201c, bi\u0107e odr\u017ean u znatno redukovanom izdanju, a usljed aktuelnih ograni\u010denja javnih okupljanja, ove<\/p>\n","protected":false},"author":1,"featured_media":2314,"comment_status":"closed","ping_status":"open","sticky":false,"template":"","format":"standard","meta":{"om_disable_all_campaigns":false,"_monsterinsights_skip_tracking":false,"_monsterinsights_sitenote_active":false,"_monsterinsights_sitenote_note":"","_monsterinsights_sitenote_category":0,"footnotes":""},"categories":[2],"tags":[53,784],"class_list":["post-2313","post","type-post","status-publish","format-standard","has-post-thumbnail","hentry","category-vijesti","tag-banja-luka","tag-kocicev-zbor"],"jetpack_featured_media_url":"https:\/\/www.mladibl.com\/wp-content\/uploads\/2020\/07\/\u201eKo\u010di\u0107ev-zbor\u201c-u-redukovanom-izdanju.jpg","amp_enabled":true,"_links":{"self":[{"href":"https:\/\/www.mladibl.com\/index.php?rest_route=\/wp\/v2\/posts\/2313","targetHints":{"allow":["GET"]}}],"collection":[{"href":"https:\/\/www.mladibl.com\/index.php?rest_route=\/wp\/v2\/posts"}],"about":[{"href":"https:\/\/www.mladibl.com\/index.php?rest_route=\/wp\/v2\/types\/post"}],"author":[{"embeddable":true,"href":"https:\/\/www.mladibl.com\/index.php?rest_route=\/wp\/v2\/users\/1"}],"replies":[{"embeddable":true,"href":"https:\/\/www.mladibl.com\/index.php?rest_route=%2Fwp%2Fv2%2Fcomments&post=2313"}],"version-history":[{"count":1,"href":"https:\/\/www.mladibl.com\/index.php?rest_route=\/wp\/v2\/posts\/2313\/revisions"}],"predecessor-version":[{"id":2315,"href":"https:\/\/www.mladibl.com\/index.php?rest_route=\/wp\/v2\/posts\/2313\/revisions\/2315"}],"wp:featuredmedia":[{"embeddable":true,"href":"https:\/\/www.mladibl.com\/index.php?rest_route=\/wp\/v2\/media\/2314"}],"wp:attachment":[{"href":"https:\/\/www.mladibl.com\/index.php?rest_route=%2Fwp%2Fv2%2Fmedia&parent=2313"}],"wp:term":[{"taxonomy":"category","embeddable":true,"href":"https:\/\/www.mladibl.com\/index.php?rest_route=%2Fwp%2Fv2%2Fcategories&post=2313"},{"taxonomy":"post_tag","embeddable":true,"href":"https:\/\/www.mladibl.com\/index.php?rest_route=%2Fwp%2Fv2%2Ftags&post=2313"}],"curies":[{"name":"wp","href":"https:\/\/api.w.org\/{rel}","templated":true}]}}