{"id":2310,"date":"2020-07-31T12:25:31","date_gmt":"2020-07-31T10:25:31","guid":{"rendered":"http:\/\/www.mladibl.com\/?p=2310"},"modified":"2020-07-31T12:25:34","modified_gmt":"2020-07-31T10:25:34","slug":"iduce-godine-jos-50-socijalnih-stanova","status":"publish","type":"post","link":"https:\/\/www.mladibl.com\/?p=2310","title":{"rendered":"Idu\u0107e godine jo\u0161 50 \u201esocijalnih\u201c stanova"},"content":{"rendered":"\n<p>Gradona\u010delnik Banje Luke Igor Radoji\u010di\u0107 i predsjednik Skup\u0161tine grada Zoran Tali\u0107, zajedno sa vr\u0161iocem du\u017enosti direktora Republi\u010dkog sekretarijata za raseljena lica i migracije Markom A\u0107i\u0107em, obi\u0161li su danas gradili\u0161te u naselju Ada na kojem je nedavno po\u010dela izgradnja 50 stanova iz programa neprofitnog socijalnog stanovanja.<\/p>\n\n\n\n<p>Radoji\u010di\u0107 je rekao da postoji veliki broj potencijalnih korisnika ovih stanova. On je istakao da Grad Banja Luka u ovom projektu u\u010destvuje kroz dodjelu zemlji\u0161ta za izgradnju objekta i izgradnju komunalne infrastrukture.<\/p>\n\n\n\n<p>V.D. direktora Republi\u010dkog sekretarijata za raseljena lica i migracije, Marko A\u0107i\u0107, kazao je da ukupna vrijednost investicije iznosi 2,55 miliona maraca i da \u0107e objekat biti gotov u spetembru 2021. godine.<\/p>\n\n\n\n<p>U skladu sa akcionim planom sekretarijata, po\u010dela je izgradnja dvije lamele u kojima \u0107e biti smje\u0161teno 50 porodica iz kategorije izbjeglih i raseljenih lica. Radi se o dijelu regionalnog stambenog programa, a posebno zahvaljujemo svim donatorima koji su omogu\u0107ili gradnju ovih stanova, prije svega EU \u2013 naveo je A\u0107i\u0107.<\/p>\n\n\n\n<p>U okviru regionalnog programa stambenog zbrinjavanja, u naselju Kuljani je prije dva mjeseca useljeno 48 porodica izbjeglih, povratnika i interno raseljenih lica.<\/p>\n\n\n\n<figure class=\"wp-block-image\"><img loading=\"lazy\" decoding=\"async\" width=\"1024\" height=\"683\" src=\"http:\/\/www.mladibl.com\/wp-content\/uploads\/2020\/07\/Idu\u0107e-godine-jo\u0161-50-\u201esocijalnih\u201c-stanova-1024x683.jpg\" alt=\"\" class=\"wp-image-2311\" srcset=\"https:\/\/www.mladibl.com\/wp-content\/uploads\/2020\/07\/Idu\u0107e-godine-jo\u0161-50-\u201esocijalnih\u201c-stanova-1024x683.jpg 1024w, https:\/\/www.mladibl.com\/wp-content\/uploads\/2020\/07\/Idu\u0107e-godine-jo\u0161-50-\u201esocijalnih\u201c-stanova-300x200.jpg 300w, https:\/\/www.mladibl.com\/wp-content\/uploads\/2020\/07\/Idu\u0107e-godine-jo\u0161-50-\u201esocijalnih\u201c-stanova-768x512.jpg 768w, https:\/\/www.mladibl.com\/wp-content\/uploads\/2020\/07\/Idu\u0107e-godine-jo\u0161-50-\u201esocijalnih\u201c-stanova.jpg 1620w\" sizes=\"auto, (max-width: 1024px) 100vw, 1024px\" \/><\/figure>\n\n\n\n<p>Preuzeto sa: <a href=\"http:\/\/www.banjaluka.rs.ba\/%d0%b8%d0%b4%d1%83%d1%9b%d0%b5-%d0%b3%d0%be%d0%b4%d0%b8%d0%bd%d0%b5-%d1%98%d0%be%d1%88-50-%d1%81%d0%be%d1%86%d0%b8%d1%98%d0%b0%d0%bb%d0%bd%d0%b8%d1%85-%d1%81%d1%82%d0%b0%d0%bd%d0%be%d0%b2%d0%b0\/\" target=\"_blank\" rel=\"noreferrer noopener\" aria-label=\"Grad Banja Luka (opens in a new tab)\">Grad Banja Luka<\/a><\/p>\n","protected":false},"excerpt":{"rendered":"<p>Gradona\u010delnik Banje Luke Igor Radoji\u010di\u0107 i predsjednik Skup\u0161tine grada Zoran Tali\u0107, zajedno sa vr\u0161iocem du\u017enosti direktora Republi\u010dkog sekretarijata za raseljena<\/p>\n","protected":false},"author":1,"featured_media":115,"comment_status":"closed","ping_status":"open","sticky":false,"template":"","format":"standard","meta":{"om_disable_all_campaigns":false,"_monsterinsights_skip_tracking":false,"_monsterinsights_sitenote_active":false,"_monsterinsights_sitenote_note":"","_monsterinsights_sitenote_category":0,"footnotes":""},"categories":[11],"tags":[27,1051],"class_list":["post-2310","post","type-post","status-publish","format-standard","has-post-thumbnail","hentry","category-gradbanjaluka","tag-grad-banja-luka","tag-socijalni-stanovi"],"jetpack_featured_media_url":"https:\/\/www.mladibl.com\/wp-content\/uploads\/2019\/10\/grad-banja-luka.png","amp_enabled":true,"_links":{"self":[{"href":"https:\/\/www.mladibl.com\/index.php?rest_route=\/wp\/v2\/posts\/2310","targetHints":{"allow":["GET"]}}],"collection":[{"href":"https:\/\/www.mladibl.com\/index.php?rest_route=\/wp\/v2\/posts"}],"about":[{"href":"https:\/\/www.mladibl.com\/index.php?rest_route=\/wp\/v2\/types\/post"}],"author":[{"embeddable":true,"href":"https:\/\/www.mladibl.com\/index.php?rest_route=\/wp\/v2\/users\/1"}],"replies":[{"embeddable":true,"href":"https:\/\/www.mladibl.com\/index.php?rest_route=%2Fwp%2Fv2%2Fcomments&post=2310"}],"version-history":[{"count":1,"href":"https:\/\/www.mladibl.com\/index.php?rest_route=\/wp\/v2\/posts\/2310\/revisions"}],"predecessor-version":[{"id":2312,"href":"https:\/\/www.mladibl.com\/index.php?rest_route=\/wp\/v2\/posts\/2310\/revisions\/2312"}],"wp:featuredmedia":[{"embeddable":true,"href":"https:\/\/www.mladibl.com\/index.php?rest_route=\/wp\/v2\/media\/115"}],"wp:attachment":[{"href":"https:\/\/www.mladibl.com\/index.php?rest_route=%2Fwp%2Fv2%2Fmedia&parent=2310"}],"wp:term":[{"taxonomy":"category","embeddable":true,"href":"https:\/\/www.mladibl.com\/index.php?rest_route=%2Fwp%2Fv2%2Fcategories&post=2310"},{"taxonomy":"post_tag","embeddable":true,"href":"https:\/\/www.mladibl.com\/index.php?rest_route=%2Fwp%2Fv2%2Ftags&post=2310"}],"curies":[{"name":"wp","href":"https:\/\/api.w.org\/{rel}","templated":true}]}}