{"id":23090,"date":"2022-08-23T20:34:32","date_gmt":"2022-08-23T18:34:32","guid":{"rendered":"https:\/\/www.mladibl.com\/?p=23090"},"modified":"2022-08-23T20:34:33","modified_gmt":"2022-08-23T18:34:33","slug":"%d0%bcirotraganje-2022-mladi-traze-mir","status":"publish","type":"post","link":"https:\/\/www.mladibl.com\/?p=23090","title":{"rendered":"\u201e\u041cirotraganje 2022\u201c MLADI TRA\u017dE MIR"},"content":{"rendered":"\n<p>\u201eMirotraganje 2022\u201c predstavlja projekat \u010detiri mlade studentice, Jelene Kerezovi\u0107, Almedine Mehi\u0107, Anastasije \u0106orovi\u0107 i Jelene Dubravac, koje dolaze iz razli\u010ditih krajeva Bosne i Hercegovine. Projekat je finansijski podr\u017ean od strane \u201eHumanity in Action\u201c nevladine organizacije, a sproveden je u Banjoj Luci i Br\u010dkom u julu ove godine.<\/p>\n\n\n\n<p>Cilj projekta je bio da mladi iz Banjaluke i Br\u010dkog upoznaju svoje gradove na druga\u010diji, inovativan, zabavan, interaktivan i pou\u010dan na\u010din; da saznaju za stvari, mjesta i ljude koji su i te kako uticali na \u017eivot grada i njegovih stanovnika te doprinijeli izgradnji mira, o kojima se nedovoljno govori u dru\u0161tvu. Aktivnosti su za cilj imale otkrivanje stvari koje su zajedni\u010dke svim ljudima u zemlji, bez obzira na njihovu vjeru, naciju, pol, politi\u010dko opredjeljenje i druge razli\u010ditosti, koje se \u010desto koriste za raspirivanje mr\u017enje me\u0111u ljudima. Upravo zbog toga organizatorke su izabrale simboli\u010dan naziv \u201emirotraganje\u201c. Mladi u BiH tra\u017ee i \u017eele mir. Poziv je bio otvoren za sve mlade od 15 do 30 godina, sa podru\u010dja Banjaluke i Br\u010dkog. U\u010desnici su podijeljeni u nekoliko grupa koje su se me\u0111usobno takmi\u010dile. Svaka grupa je imala smjernice u vidu zagonetki, pri\u010da, legendi, pjesama ili istorijskih podataka uz pomo\u0107 kojih su dolazili do svake zadate lokacije. Aktivnost je zami\u0161ljena tako da uklju\u010duje \u0161to vi\u0161e interakcije sa prolaznicima, \u0161to je \u010ditav projekat u\u010dinilo jo\u0161 zanimljivijim. Najbolje grupe nagra\u0111ene su simboli\u010dnim poklonima. U\u010desnici su obi\u0161li mnoge va\u017ene lokacije kao \u0161to su Safikadin grob, Banski dvor, Muzej savremene umjetnosti RS, Krivi sat, reljefna plo\u010da na RK \u201eBoska\u201c i spomenik \u201eKlupa mira\u201c u Banjoj Luci, te Islahijet, \u017eeljezni\u010dka pruga Br\u010dko-Banovi\u0107i, Dobrin spomenik, Fontana mladosti i Ficibajer izleti\u0161te u Br\u010dkom.<\/p>\n\n\n\n<p>Organizatorke isti\u010du da je zainteresovanost za ovaj projekat mogla biti ve\u0107a, \u0161to samo pokazuje kolika apatija vlada me\u0111u mladima danas. Ipak, u oba grada skupila se mala harizmati\u010dna ekipa mladih koja je uspje\u0161no zavr\u0161ila sve aktivnosti. U\u010desnici su istakli da su jako zadovoljni onim \u0161to su \u010duli, vidjeli i saznali i da bi se ponovo prijavili na sli\u010dan projekat. \u201eBilo je fantasti\u010dno\u201c, izjavila je Ka\u0107a, osamnaestogodi\u0161nja u\u010desnica iz Banjaluke. Nakon sprovedenih aktivnosti, organizovan je i promotivni doga\u0111aj krajem jula u Sarajevu. Organizatorke su zvanicama prikazale sve detalje vezane za projekat, od ideje do realizacije. Na njihovom jutjub uskoro \u0107e se na\u0107i i kratki video-snimak, kao retrospektiva cijelog projekta.<\/p>\n\n\n\n<p>Jelena, Almedina, Anastasija i Jelena se svakako ne\u0107e zaustaviti na ovome. Uz podr\u0161ku \u201eHumanity in Action\u201c u budu\u0107nosti planiraju da realizuju i druge sli\u010dne projekte. Smatraju da je to neophodno, s obzirom na sveukupno stanje u dru\u0161tvu koje nije na zavidnom nivou. Mlade treba probuditi iz letargije u kojoj se ve\u0107 predugo nalaze. Na kraju, organizatorke su zadovoljne sprovedenim aktivnostima jer su uvidjele da ima mladih koji \u017eele da mijenjaju sve one anomalije od kojih boluje na\u0161e dru\u0161tvo. Me\u0111utim, svjesne su da je potrebno ulo\u017eiti jo\u0161 dosta truda ako \u017eelimo da govorimo o bilo kakvom napretku na ovom polju.<\/p>\n","protected":false},"excerpt":{"rendered":"<p>\u201eMirotraganje 2022\u201c predstavlja projekat \u010detiri mlade studentice, Jelene Kerezovi\u0107, Almedine Mehi\u0107, Anastasije \u0106orovi\u0107 i Jelene Dubravac, koje dolaze iz razli\u010ditih<\/p>\n","protected":false},"author":1,"featured_media":23069,"comment_status":"closed","ping_status":"open","sticky":false,"template":"","format":"standard","meta":{"om_disable_all_campaigns":false,"_monsterinsights_skip_tracking":false,"_monsterinsights_sitenote_active":false,"_monsterinsights_sitenote_note":"","_monsterinsights_sitenote_category":0,"footnotes":""},"categories":[370],"tags":[9053,9359],"class_list":["post-23090","post","type-post","status-publish","format-standard","has-post-thumbnail","hentry","category-ostalo","tag-mirotraganje-2022","tag-mladi-traze-mir"],"jetpack_featured_media_url":"https:\/\/www.mladibl.com\/wp-content\/uploads\/2022\/08\/\u201e\u041cirotraganje-2022-MLADI-TRAZE-MIR.jpg","amp_enabled":true,"_links":{"self":[{"href":"https:\/\/www.mladibl.com\/index.php?rest_route=\/wp\/v2\/posts\/23090","targetHints":{"allow":["GET"]}}],"collection":[{"href":"https:\/\/www.mladibl.com\/index.php?rest_route=\/wp\/v2\/posts"}],"about":[{"href":"https:\/\/www.mladibl.com\/index.php?rest_route=\/wp\/v2\/types\/post"}],"author":[{"embeddable":true,"href":"https:\/\/www.mladibl.com\/index.php?rest_route=\/wp\/v2\/users\/1"}],"replies":[{"embeddable":true,"href":"https:\/\/www.mladibl.com\/index.php?rest_route=%2Fwp%2Fv2%2Fcomments&post=23090"}],"version-history":[{"count":1,"href":"https:\/\/www.mladibl.com\/index.php?rest_route=\/wp\/v2\/posts\/23090\/revisions"}],"predecessor-version":[{"id":23091,"href":"https:\/\/www.mladibl.com\/index.php?rest_route=\/wp\/v2\/posts\/23090\/revisions\/23091"}],"wp:featuredmedia":[{"embeddable":true,"href":"https:\/\/www.mladibl.com\/index.php?rest_route=\/wp\/v2\/media\/23069"}],"wp:attachment":[{"href":"https:\/\/www.mladibl.com\/index.php?rest_route=%2Fwp%2Fv2%2Fmedia&parent=23090"}],"wp:term":[{"taxonomy":"category","embeddable":true,"href":"https:\/\/www.mladibl.com\/index.php?rest_route=%2Fwp%2Fv2%2Fcategories&post=23090"},{"taxonomy":"post_tag","embeddable":true,"href":"https:\/\/www.mladibl.com\/index.php?rest_route=%2Fwp%2Fv2%2Ftags&post=23090"}],"curies":[{"name":"wp","href":"https:\/\/api.w.org\/{rel}","templated":true}]}}