{"id":23003,"date":"2022-08-21T22:28:46","date_gmt":"2022-08-21T20:28:46","guid":{"rendered":"https:\/\/www.mladibl.com\/?p=23003"},"modified":"2022-08-21T23:47:50","modified_gmt":"2022-08-21T21:47:50","slug":"razmisljas-o-pokretanju-svog-biznisa-i-volis-da-putujes","status":"publish","type":"post","link":"https:\/\/www.mladibl.com\/?p=23003","title":{"rendered":"Razmi\u0161lja\u0161 o pokretanju svog biznisa i voli\u0161 da putuje\u0161?"},"content":{"rendered":"\n<p>Eda \u2013 Agencija za razvoj preduze\u0107a je objavila poziv za mlade preduzetnike u okviru programa prekograni\u010dne razmjene \u201eErasmus za mlade preduzetnike\u201c. Ovaj program pru\u017ea priliku da:<\/p>\n\n\n\n<p>\u2611 otputujete u neku od zemalja regiona ili Evropske unije \ud83e\uddf3<br>\u2611 tamo sara\u0111ujete sa iskusnim i uspje\u0161nim preduzetnicima \ud83e\udd1d<br>\u2611 dobijete dragocjene savjete koji \u0107e vam pomo\u0107i da razvijete svoju poslovnu ideju, pobolj\u0161ate biznis plan i pokrenete svoj biznis \ud83d\udcc8<\/p>\n\n\n\n<p>Pored ovoga, mladi preduzetnici dobijaju odre\u0111ena finansijska sredstva za tro\u0161kove puta i boravka \ud83d\udcb6<\/p>\n\n\n\n<p>Ovu priliku je ve\u0107 iskoristilo nekoliko proativnih preduzetnika iz BiH i njihova iskustva su odli\u010dna!<\/p>\n\n\n\n<p>Mladen \u0160arac sa Pala ima namjeru da otvori agenciju za prevo\u0111enje, pa se prijavio na program \u201eErasmus za mlade preduzetnike\u201c i boravio kod preduzetnika doma\u0107ina, Agencije Laurus Translations iz Beograda. Posjeta mu je bila od velike koristi da unaprijedi svoj biznis plan.<\/p>\n\n\n\n<p>Jasmina \u0110onlagi\u0107 iz Livna se bavi proizvodnjom doma\u0107ih eko proizvoda i \u017eeli da pokrene njihovu prodaju. Boravila je u Splitu kod iskusne preduzetnice Katije Bogunovi\u0107, koja je joj je pru\u017eila podr\u0161ku u pripremi novi novih proizvoda i digitalnom marketingu.<\/p>\n\n\n\n<p>Rijad Ceri\u0107 iz Jajca \u017eeli da otvori centar za edukaciju, pa je uz podr\u0161ku programa boravio u Ljubljani kod preduzetnika doma\u0107ina \u2013 Zavod Bob i tamo stekao mnogo dragocjenih iskustava.<\/p>\n\n\n\n<p>Ako razmi\u0161ljate o pokretanju svog biznisa ili ste ga pokrenuli u prethodne 3 godine, volite da putujete i \u017eelite da pro\u0161irite mre\u017eu svojih kontakata, iskoristite priliku i prijavite se za u\u010de\u0161\u0107e u programu Erasmus za mlade preduzetnike.<\/p>\n\n\n\n<p>Popunite online obrazac <strong><a href=\"https:\/\/forms.gle\/j5mBEomndKVUQqyT8\" target=\"_blank\" rel=\"noreferrer noopener\">https:\/\/forms.gle\/j5mBEomndKVUQqyT8<\/a><\/strong> do 5.9.2022. i posla\u0107emo Vam detaljne informacije o programu i na\u010dinu prijavljivanja. Edin tim Vam pru\u017ea podr\u0161ku u procesu registracije, pronalaska preduzetnika doma\u0107ina i razmjene.<\/p>\n\n\n\n<p>Za dodatne informacije, slobodno nas kontaktirajte u inbox, putem imejla <strong><a href=\"mailto:eda@edabl.org\" target=\"_blank\" rel=\"noreferrer noopener\">eda@edabl.org<\/a><\/strong> ili telefona 051\/300-241.<\/p>\n\n\n\n<figure class=\"wp-block-image size-full\"><img loading=\"lazy\" decoding=\"async\" width=\"800\" height=\"760\" src=\"http:\/\/www.mladibl.com\/wp-content\/uploads\/2022\/08\/Razmisljas-o-pokretanju-svog-biznisa-i-volis-da-putujes.jpg\" alt=\"\" class=\"wp-image-22985\" srcset=\"https:\/\/www.mladibl.com\/wp-content\/uploads\/2022\/08\/Razmisljas-o-pokretanju-svog-biznisa-i-volis-da-putujes.jpg 800w, https:\/\/www.mladibl.com\/wp-content\/uploads\/2022\/08\/Razmisljas-o-pokretanju-svog-biznisa-i-volis-da-putujes-300x285.jpg 300w, https:\/\/www.mladibl.com\/wp-content\/uploads\/2022\/08\/Razmisljas-o-pokretanju-svog-biznisa-i-volis-da-putujes-768x730.jpg 768w\" sizes=\"auto, (max-width: 800px) 100vw, 800px\" \/><\/figure>\n\n\n\n<p>Preuzeto sa: <a href=\"https:\/\/edabl.org\/razmisljas-o-pokretanju-svog-biznisa-i-volis-da-putujes\/\" target=\"_blank\" rel=\"noreferrer noopener\">EDA BL<\/a><\/p>\n","protected":false},"excerpt":{"rendered":"<p>Eda \u2013 Agencija za razvoj preduze\u0107a je objavila poziv za mlade preduzetnike u okviru programa prekograni\u010dne razmjene \u201eErasmus za mlade<\/p>\n","protected":false},"author":1,"featured_media":22985,"comment_status":"closed","ping_status":"open","sticky":false,"template":"","format":"standard","meta":{"om_disable_all_campaigns":false,"_monsterinsights_skip_tracking":false,"_monsterinsights_sitenote_active":false,"_monsterinsights_sitenote_note":"","_monsterinsights_sitenote_category":0,"footnotes":""},"categories":[8692,370],"tags":[20,33,9341,288],"class_list":["post-23003","post","type-post","status-publish","format-standard","has-post-thumbnail","hentry","category-izdvajamo","category-ostalo","tag-erasmus","tag-mladi","tag-pokretanje-biznisa","tag-preduzetnici"],"jetpack_featured_media_url":"https:\/\/www.mladibl.com\/wp-content\/uploads\/2022\/08\/Razmisljas-o-pokretanju-svog-biznisa-i-volis-da-putujes.jpg","amp_enabled":true,"_links":{"self":[{"href":"https:\/\/www.mladibl.com\/index.php?rest_route=\/wp\/v2\/posts\/23003","targetHints":{"allow":["GET"]}}],"collection":[{"href":"https:\/\/www.mladibl.com\/index.php?rest_route=\/wp\/v2\/posts"}],"about":[{"href":"https:\/\/www.mladibl.com\/index.php?rest_route=\/wp\/v2\/types\/post"}],"author":[{"embeddable":true,"href":"https:\/\/www.mladibl.com\/index.php?rest_route=\/wp\/v2\/users\/1"}],"replies":[{"embeddable":true,"href":"https:\/\/www.mladibl.com\/index.php?rest_route=%2Fwp%2Fv2%2Fcomments&post=23003"}],"version-history":[{"count":1,"href":"https:\/\/www.mladibl.com\/index.php?rest_route=\/wp\/v2\/posts\/23003\/revisions"}],"predecessor-version":[{"id":23004,"href":"https:\/\/www.mladibl.com\/index.php?rest_route=\/wp\/v2\/posts\/23003\/revisions\/23004"}],"wp:featuredmedia":[{"embeddable":true,"href":"https:\/\/www.mladibl.com\/index.php?rest_route=\/wp\/v2\/media\/22985"}],"wp:attachment":[{"href":"https:\/\/www.mladibl.com\/index.php?rest_route=%2Fwp%2Fv2%2Fmedia&parent=23003"}],"wp:term":[{"taxonomy":"category","embeddable":true,"href":"https:\/\/www.mladibl.com\/index.php?rest_route=%2Fwp%2Fv2%2Fcategories&post=23003"},{"taxonomy":"post_tag","embeddable":true,"href":"https:\/\/www.mladibl.com\/index.php?rest_route=%2Fwp%2Fv2%2Ftags&post=23003"}],"curies":[{"name":"wp","href":"https:\/\/api.w.org\/{rel}","templated":true}]}}