{"id":2252,"date":"2020-07-28T10:56:56","date_gmt":"2020-07-28T08:56:56","guid":{"rendered":"http:\/\/www.mladibl.com\/?p=2252"},"modified":"2020-07-28T10:56:58","modified_gmt":"2020-07-28T08:56:58","slug":"poziv-za-ucesce-u-programu-lideri-ke-za-pravdu","status":"publish","type":"post","link":"https:\/\/www.mladibl.com\/?p=2252","title":{"rendered":"Poziv za u\u010de\u0161\u0107e u programu \u201cLideri\/ke za pravdu\u201d"},"content":{"rendered":"\n<p>Udru\u017eenje \u201ePravnik\u201c iz Sarajeva, zajedno s Programom vladavine prava u Jugoisto\u010dnoj Evropi Fondacije Konrad Adenauer, najavljuje pokretanje prvog u nizu programa liderstva za pravnike iz Bosne i Hercegovine \u2013 \u201eLIDERI\/KE ZA PRAVDU\u201c.<\/p>\n\n\n\n<p>Poziv je otvoren za sve pravne stru\u010dnjake\/inje (zaposlene u sektoru pravde, sudovima, tu\u017eila\u0161tvima, advokatskim kancelarijama, agencijama za provo\u0111enja zakona, nevladinim organizacijama ili privatnom sektoru, univerzitetskim predava\u010dima itd.) kao i studente\/ice prava (na posljednjoj godini univerzitetskih studija), postdiplomske i doktorske studente prava, koji nisu stariji od 30 godina.<\/p>\n\n\n\n<p>Poziv za prijavu na ovaj program otvoren je od 15. jula do 05. augusta 2020. godine.<\/p>\n\n\n\n<p>Za vi\u0161e informacija pogledajte <strong><a href=\"http:\/\/pravnik-online.info\/v2\/?page_id=1658&amp;fbclid=IwAR149K8NqcQnGn3-PVIadg5tCKTgI5O4aZUcSMx34LtqVJ6oQl9V9FeQ8MY\" target=\"_blank\" rel=\"noreferrer noopener\" aria-label=\"link (opens in a new tab)\">link<\/a><\/strong>.<\/p>\n\n\n\n<p>Preuzeto sa: <a href=\"https:\/\/www.hocu.ba\/indexphp\/hocupriliku\/poziv-za-ucesce-u-programu-lideri-ke-za-pravdu\/\" target=\"_blank\" rel=\"noreferrer noopener\" aria-label=\"hocu.ba (opens in a new tab)\">hocu.ba<\/a><\/p>\n","protected":false},"excerpt":{"rendered":"<p>Udru\u017eenje \u201ePravnik\u201c iz Sarajeva, zajedno s Programom vladavine prava u Jugoisto\u010dnoj Evropi Fondacije Konrad Adenauer, najavljuje pokretanje prvog u nizu<\/p>\n","protected":false},"author":1,"featured_media":2253,"comment_status":"closed","ping_status":"open","sticky":false,"template":"","format":"standard","meta":{"om_disable_all_campaigns":false,"_monsterinsights_skip_tracking":false,"_monsterinsights_sitenote_active":false,"_monsterinsights_sitenote_note":"","_monsterinsights_sitenote_category":0,"footnotes":""},"categories":[4],"tags":[1018,1019,1020,1022,1021],"class_list":["post-2252","post","type-post","status-publish","format-standard","has-post-thumbnail","hentry","category-edukacija","tag-lideri","tag-liderke","tag-pravda","tag-pravnici","tag-program-liderstva"],"jetpack_featured_media_url":"https:\/\/www.mladibl.com\/wp-content\/uploads\/2020\/07\/Poziv-za-u\u010de\u0161\u0107e-u-programu-\u201cLideri_ke-za-pravdu\u201d.jpg","amp_enabled":true,"_links":{"self":[{"href":"https:\/\/www.mladibl.com\/index.php?rest_route=\/wp\/v2\/posts\/2252","targetHints":{"allow":["GET"]}}],"collection":[{"href":"https:\/\/www.mladibl.com\/index.php?rest_route=\/wp\/v2\/posts"}],"about":[{"href":"https:\/\/www.mladibl.com\/index.php?rest_route=\/wp\/v2\/types\/post"}],"author":[{"embeddable":true,"href":"https:\/\/www.mladibl.com\/index.php?rest_route=\/wp\/v2\/users\/1"}],"replies":[{"embeddable":true,"href":"https:\/\/www.mladibl.com\/index.php?rest_route=%2Fwp%2Fv2%2Fcomments&post=2252"}],"version-history":[{"count":1,"href":"https:\/\/www.mladibl.com\/index.php?rest_route=\/wp\/v2\/posts\/2252\/revisions"}],"predecessor-version":[{"id":2254,"href":"https:\/\/www.mladibl.com\/index.php?rest_route=\/wp\/v2\/posts\/2252\/revisions\/2254"}],"wp:featuredmedia":[{"embeddable":true,"href":"https:\/\/www.mladibl.com\/index.php?rest_route=\/wp\/v2\/media\/2253"}],"wp:attachment":[{"href":"https:\/\/www.mladibl.com\/index.php?rest_route=%2Fwp%2Fv2%2Fmedia&parent=2252"}],"wp:term":[{"taxonomy":"category","embeddable":true,"href":"https:\/\/www.mladibl.com\/index.php?rest_route=%2Fwp%2Fv2%2Fcategories&post=2252"},{"taxonomy":"post_tag","embeddable":true,"href":"https:\/\/www.mladibl.com\/index.php?rest_route=%2Fwp%2Fv2%2Ftags&post=2252"}],"curies":[{"name":"wp","href":"https:\/\/api.w.org\/{rel}","templated":true}]}}