{"id":2244,"date":"2020-07-27T15:13:51","date_gmt":"2020-07-27T13:13:51","guid":{"rendered":"http:\/\/www.mladibl.com\/?p=2244"},"modified":"2020-07-27T15:14:56","modified_gmt":"2020-07-27T13:14:56","slug":"glasanje-u-toku-milos-kovacevic-za-mladog-evropskog-ambasadora","status":"publish","type":"post","link":"https:\/\/www.mladibl.com\/?p=2244","title":{"rendered":"GLASANJE U TOKU: Milo\u0161 Kova\u010devi\u0107 za mladog evropskog ambasadora"},"content":{"rendered":"\n<p>Na\u0161 kolega i prijatelj, programski koordinator na\u0161e organizacije Milo\u0161 Kova\u010devi\u0107 takmi\u010di se za presti\u017enu titulu mladog evropskog ambasadora sa prostora Zapadnog Balkana.<\/p>\n\n\n\n<p>U izboru mladih ambasadora iz Bosne i Hercegovine nalazi se 50 mladih ljudi dok \u0107e svega najboljih 10 imati priliku da u naredne tri godine budu ,,glas mladih\u201d u procesu pridru\u017eivanja zemalja Zapadnog Balkana Evropskoj Uniji.<\/p>\n\n\n\n<p>Podr\u017eimo svojim glasom na\u0161eg prijatelja i sugra\u0111anina jer \u0107e time Banja Luka ali i mladi na\u0161eg grada dobiti svog predstavnika na evropskom nivou.<\/p>\n\n\n\n<p>Proces glasanja odvija se u nekoliko koraka:<\/p>\n\n\n\n<ol class=\"wp-block-list\"><li>Potrebno je da odete na link (<strong><a rel=\"noreferrer noopener\" aria-label=\"ovdje (opens in a new tab)\" href=\"https:\/\/www.webalkans.eu\/voting\/milos-kovacevic\/\" target=\"_blank\">ovdje<\/a><\/strong>)<\/li><li>Kliknite na opciju &#8220;VOTE&#8221;<\/li><li>Kada vam se otvori prozor idite na opciju ,,register\u201d i unesite mail adresu koju koristite i postavite koju god \u0161ifru \u017eelite (\u0161to jednostavnija)<\/li><li>Idite na opciju ,,log in\u201d te provjerite va\u0161 mail kada vam se poka\u017ee obavje\u0161tenje da vam je sistem poslao mail<\/li><li>Udjite na va\u0161 mail i kliknite na link koji ste dobili te ponovo unesite mail adresu i \u0161ifru koju ste postavili te kliknite ,,log in\u201d<\/li><li>Nakon ovoga ste registrovani za glasanje!<\/li><\/ol>\n\n\n\n<p>U padaju\u0107em meniju odaberite ,,Bosnia and Herzegovina\u201d. Glasati mo\u017eete maksimalno za 10 kandidata (5 momaka i 5 djevojaka).<\/p>\n\n\n\n<p>U ovom izboru je i na\u0161 Milo\u0161 te vas pozivamo da svojim glasom prvenstveno podr\u017eite njega ali i ostale mlade za koje smatrate da \u0107e vas dostojno predstavljati.<\/p>\n\n\n\n<p>Ukoliko budete imali problema sa prijavom, registracijom i glasanjem budite slobodni da nam se javite.<\/p>\n\n\n\n<p>Pozivamo vas da u \u0161to ve\u0107em broju podijelite ovu vijest i da Banjaluka podr\u017ei mlade, kreativne i perspektivne ljude koji \u0107e je predstavljati u najboljem svjetlu.<\/p>\n\n\n\n<p>Hvala!<\/p>\n\n\n\n<figure class=\"wp-block-image\"><img loading=\"lazy\" decoding=\"async\" width=\"1024\" height=\"1024\" src=\"http:\/\/www.mladibl.com\/wp-content\/uploads\/2020\/07\/milos-kovacevic-yestoyea-2-1024x1024.jpg\" alt=\"\" class=\"wp-image-2246\" srcset=\"https:\/\/www.mladibl.com\/wp-content\/uploads\/2020\/07\/milos-kovacevic-yestoyea-2-1024x1024.jpg 1024w, https:\/\/www.mladibl.com\/wp-content\/uploads\/2020\/07\/milos-kovacevic-yestoyea-2-150x150.jpg 150w, https:\/\/www.mladibl.com\/wp-content\/uploads\/2020\/07\/milos-kovacevic-yestoyea-2-300x300.jpg 300w, https:\/\/www.mladibl.com\/wp-content\/uploads\/2020\/07\/milos-kovacevic-yestoyea-2-768x768.jpg 768w, https:\/\/www.mladibl.com\/wp-content\/uploads\/2020\/07\/milos-kovacevic-yestoyea-2.jpg 1600w\" sizes=\"auto, (max-width: 1024px) 100vw, 1024px\" \/><\/figure>\n\n\n\n<p>Preuzeto sa: <a href=\"http:\/\/www.cerebra-ngo.com\/?p=976\" target=\"_blank\" rel=\"noreferrer noopener\" aria-label=\"CEREBRA NGO (opens in a new tab)\">CEREBRA NGO<\/a><\/p>\n","protected":false},"excerpt":{"rendered":"<p>Na\u0161 kolega i prijatelj, programski koordinator na\u0161e organizacije Milo\u0161 Kova\u010devi\u0107 takmi\u010di se za presti\u017enu titulu mladog evropskog ambasadora sa prostora<\/p>\n","protected":false},"author":1,"featured_media":2245,"comment_status":"closed","ping_status":"open","sticky":false,"template":"","format":"standard","meta":{"om_disable_all_campaigns":false,"_monsterinsights_skip_tracking":false,"_monsterinsights_sitenote_active":false,"_monsterinsights_sitenote_note":"","_monsterinsights_sitenote_category":0,"footnotes":""},"categories":[449],"tags":[22,1014,1015,159],"class_list":["post-2244","post","type-post","status-publish","format-standard","has-post-thumbnail","hentry","category-organizacije","tag-cerebra","tag-milos-kovacevic","tag-mladi-evropski-ambasador","tag-zapadni-balkan"],"jetpack_featured_media_url":"https:\/\/www.mladibl.com\/wp-content\/uploads\/2020\/07\/milos-kovacevic-yestoyea.jpg","amp_enabled":true,"_links":{"self":[{"href":"https:\/\/www.mladibl.com\/index.php?rest_route=\/wp\/v2\/posts\/2244","targetHints":{"allow":["GET"]}}],"collection":[{"href":"https:\/\/www.mladibl.com\/index.php?rest_route=\/wp\/v2\/posts"}],"about":[{"href":"https:\/\/www.mladibl.com\/index.php?rest_route=\/wp\/v2\/types\/post"}],"author":[{"embeddable":true,"href":"https:\/\/www.mladibl.com\/index.php?rest_route=\/wp\/v2\/users\/1"}],"replies":[{"embeddable":true,"href":"https:\/\/www.mladibl.com\/index.php?rest_route=%2Fwp%2Fv2%2Fcomments&post=2244"}],"version-history":[{"count":2,"href":"https:\/\/www.mladibl.com\/index.php?rest_route=\/wp\/v2\/posts\/2244\/revisions"}],"predecessor-version":[{"id":2248,"href":"https:\/\/www.mladibl.com\/index.php?rest_route=\/wp\/v2\/posts\/2244\/revisions\/2248"}],"wp:featuredmedia":[{"embeddable":true,"href":"https:\/\/www.mladibl.com\/index.php?rest_route=\/wp\/v2\/media\/2245"}],"wp:attachment":[{"href":"https:\/\/www.mladibl.com\/index.php?rest_route=%2Fwp%2Fv2%2Fmedia&parent=2244"}],"wp:term":[{"taxonomy":"category","embeddable":true,"href":"https:\/\/www.mladibl.com\/index.php?rest_route=%2Fwp%2Fv2%2Fcategories&post=2244"},{"taxonomy":"post_tag","embeddable":true,"href":"https:\/\/www.mladibl.com\/index.php?rest_route=%2Fwp%2Fv2%2Ftags&post=2244"}],"curies":[{"name":"wp","href":"https:\/\/api.w.org\/{rel}","templated":true}]}}