{"id":22412,"date":"2022-08-03T00:09:41","date_gmt":"2022-08-02T22:09:41","guid":{"rendered":"https:\/\/www.mladibl.com\/?p=22412"},"modified":"2022-08-03T00:09:42","modified_gmt":"2022-08-02T22:09:42","slug":"otvoren-dio-pjesacke-zone-u-centru-zasadena-i-nova-stabla","status":"publish","type":"post","link":"https:\/\/www.mladibl.com\/?p=22412","title":{"rendered":"Otvoren dio pje\u0161a\u010dke zone u centru, zasa\u0111ena i nova stabla"},"content":{"rendered":"\n<p>Rekonstrukcija centralne pje\u0161a\u010dke zone odvija se planiranom dinamikom i dio \u0161etali\u0161ta koji je zavr\u0161en, ovih dana otvoren je za pje\u0161ake.<\/p>\n\n\n\n<p>U toku rekonstrukcije, koja \u0107e uskoro biti zavr\u0161ena \u2013 zasa\u0111ena su nova stabla na mjestima na kojima je utvr\u0111eno da su odre\u0111ena stabla oboljela i da moraju da budu uklonjena jer su prijetila da ugroze bezbjednost gra\u0111ana i imovine.<\/p>\n\n\n\n<p>-Trenutno je zavr\u0161ena lijeva strana \u0161etali\u0161ta gledano iz pravca Gradske uprave. Sada parcijalno kako zavr\u0161avamo sa desne strane, tako i otvaramo same lokacije. U me\u0111uvremenu, odr\u017ean je niz sastanaka sa ugostiteljima koji rade ovdje i tokom ove sedmice o\u010dekuje nas isplata subvencija za doprinose za njihove radnike. Ovu nov\u010danu podr\u0161ku isplati\u0107emo jednokratno i odnosi\u0107e se na period od aprila kada su po\u010deli radovi pa sve do kraja godine \u2013 kazala je savjetnica gradona\u010delnika za dru\u0161tvene djelatnosti Milada \u0160ukalo.<\/p>\n\n\n\n<p>Naglasila je da gradska administracija ima u planu da od centralne zone grada napravi jednu potpuno novu razglednicu, te je u tom pravcu usvojeno i idejno rje\u0161enje izgleda samih ba\u0161ta ugostiteljskih objekata.<\/p>\n\n\n\n<p>-Ideja je da ova lokacija bude ure\u0111ena poput najljep\u0161ih lokacija u regiji i Evropi. Sam izgled ba\u0161ta bi\u0107e jednoobrazan i podrazumijeva\u0107e isti izgled tendi i \u017eardinjera. Kada je rije\u010d o polo\u017eaju ba\u0161ta, one su projektovane tako da omogu\u0107e najve\u0107i broj sjede\u0107ih mjesta u ljetnim ba\u0161tama za sve ugostitelje po principu da su djelimi\u010dno odvojene od samih zgrada, a djelimi\u010dno je oslobo\u0111en i sredi\u0161nji prostor odnosno \u0161etali\u0161e na kojem se izme\u0111u ostalog nalazi taktilna traka za slobovide i slijepe osobe \u2013 pojasnila je \u0160ukalo.<\/p>\n\n\n\n<p>Prema njenim rije\u010dima, u ovom dijelu grada sa otvaranjem pje\u0161a\u010dke zone postepeno po\u010dinje ure\u0111enje ove lokacije u skladu sa novim idejnim rje\u0161enjem.<\/p>\n\n\n\n<p>-Na\u0161 dugoro\u010dni cilj jeste da ovaj prostor bude ispunjen sadr\u017eajima, po\u010dev\u0161i sa novogodi\u0161njim praznicima i zimskim marketom, \u0161to \u0107e omogu\u0107iti bolje rezultate rada privrednim subjektima koji tu posluju, ali i vi\u0161e sadr\u017eaja za sve na\u0161e posjetioce i sugra\u0111ane \u2013 zaklju\u010dila je \u0160ukalo.<\/p>\n\n\n\n<p>Preuzeto sa: <a href=\"https:\/\/www.banjaluka.rs.ba\/otvoren-dio-pjesacke-zone-u-centru\/\" target=\"_blank\" rel=\"noreferrer noopener\">Grad Banja Luka<\/a><\/p>\n","protected":false},"excerpt":{"rendered":"<p>Rekonstrukcija centralne pje\u0161a\u010dke zone odvija se planiranom dinamikom i dio \u0161etali\u0161ta koji je zavr\u0161en, ovih dana otvoren je za pje\u0161ake.<\/p>\n","protected":false},"author":1,"featured_media":22420,"comment_status":"closed","ping_status":"open","sticky":false,"template":"","format":"standard","meta":{"om_disable_all_campaigns":false,"_monsterinsights_skip_tracking":false,"_monsterinsights_sitenote_active":false,"_monsterinsights_sitenote_note":"","_monsterinsights_sitenote_category":0,"footnotes":""},"categories":[2],"tags":[53,5653],"class_list":["post-22412","post","type-post","status-publish","format-standard","has-post-thumbnail","hentry","category-vijesti","tag-banja-luka","tag-pjesacka-zona"],"jetpack_featured_media_url":"https:\/\/www.mladibl.com\/wp-content\/uploads\/2022\/08\/Otvoren-dio-pjesacke-zone-u-centru-zasadena-i-nova-stabla.jpg","amp_enabled":true,"_links":{"self":[{"href":"https:\/\/www.mladibl.com\/index.php?rest_route=\/wp\/v2\/posts\/22412","targetHints":{"allow":["GET"]}}],"collection":[{"href":"https:\/\/www.mladibl.com\/index.php?rest_route=\/wp\/v2\/posts"}],"about":[{"href":"https:\/\/www.mladibl.com\/index.php?rest_route=\/wp\/v2\/types\/post"}],"author":[{"embeddable":true,"href":"https:\/\/www.mladibl.com\/index.php?rest_route=\/wp\/v2\/users\/1"}],"replies":[{"embeddable":true,"href":"https:\/\/www.mladibl.com\/index.php?rest_route=%2Fwp%2Fv2%2Fcomments&post=22412"}],"version-history":[{"count":1,"href":"https:\/\/www.mladibl.com\/index.php?rest_route=\/wp\/v2\/posts\/22412\/revisions"}],"predecessor-version":[{"id":22421,"href":"https:\/\/www.mladibl.com\/index.php?rest_route=\/wp\/v2\/posts\/22412\/revisions\/22421"}],"wp:featuredmedia":[{"embeddable":true,"href":"https:\/\/www.mladibl.com\/index.php?rest_route=\/wp\/v2\/media\/22420"}],"wp:attachment":[{"href":"https:\/\/www.mladibl.com\/index.php?rest_route=%2Fwp%2Fv2%2Fmedia&parent=22412"}],"wp:term":[{"taxonomy":"category","embeddable":true,"href":"https:\/\/www.mladibl.com\/index.php?rest_route=%2Fwp%2Fv2%2Fcategories&post=22412"},{"taxonomy":"post_tag","embeddable":true,"href":"https:\/\/www.mladibl.com\/index.php?rest_route=%2Fwp%2Fv2%2Ftags&post=22412"}],"curies":[{"name":"wp","href":"https:\/\/api.w.org\/{rel}","templated":true}]}}