{"id":2170,"date":"2020-07-20T21:32:52","date_gmt":"2020-07-20T19:32:52","guid":{"rendered":"http:\/\/www.mladibl.com\/?p=2170"},"modified":"2020-07-20T21:32:54","modified_gmt":"2020-07-20T19:32:54","slug":"javni-poziv-za-akreditovanje-posmatraca-na-lokalnim-izborima-2020","status":"publish","type":"post","link":"https:\/\/www.mladibl.com\/?p=2170","title":{"rendered":"JAVNI POZIV za akreditovanje posmatra\u010da na Lokalnim izborima 2020."},"content":{"rendered":"\n<p>Agencija za razvoj i saradnju CEREBRA Banja Luka objavljuje<\/p>\n\n\n\n<p><strong>JAVNI POZIV<\/strong><\/p>\n\n\n\n<p><strong>za akreditovanje posmatra\u010da na Lokalnim izborima 2020. godine<\/strong><\/p>\n\n\n\n<p>Ovaj poziv otvoren je za mlade uzrasta 18 \u2013 30 godina starosti sa podru\u010dja:<\/p>\n\n\n\n<ul class=\"wp-block-list\"><li>Grada Banja Luka<\/li><li>Op\u0161tine Lakta\u0161i<\/li><li>Grada Gradi\u0161ka<\/li><\/ul>\n\n\n\n<p>U cilju uklju\u010divanja mladih ljudi u demokratski proces odlu\u010divanja i biranja predstavnika gra\u0111ana u institucije vlasti na lokalnom nivou, na\u0161a organizacija po prvi put implementira ovakvu aktivnost pru\u017eaju\u0107i mladima priliku posmatranja izbornog dana putem procesa akreditovanja za posmatra\u010de lokalnih izbora u ime nevladinog sektora.<\/p>\n\n\n\n<p>Ovim pozivom nastojimo:<\/p>\n\n\n\n<ul class=\"wp-block-list\"><li>uklju\u010diti mlade ljude u izborni proces,<\/li><li>podsticati mlade da iskoriste svoje bira\u010dko pravo,<\/li><li>pru\u017eiti na\u0161im posmatra\u010dima neophodna znanja o izbornom ciklusu<\/li><li>osigurati priliku da samostalno provedu izborni dan posmatraju\u0107i izborni proces na bira\u010dkom mjestu, prethodno iskori\u0161tavaju\u0107i svoje bira\u010dko pravo.<\/li><\/ul>\n\n\n\n<p>Poziv je namjenjen mladima koji imaju trenutno boravi\u0161te ili prebivali\u0161te na teritoriji jedne od prethodno navedenih lokalnih zajednica.<\/p>\n\n\n\n<p>Izabrani kandidati \u0107e pro\u0107i mentorsku obuku te se organizator obavezuje izvr\u0161iti proces akreditovanja posmatra\u010da kod Centralne izborne komisije BiH. Svim posmatra\u010dima bi\u0107e uru\u010dene potvrde i sertifikati o realizovanoj obuci i posmatranju izbornog procesa.<\/p>\n\n\n\n<p>S obzirom da je ovo volonterska aktivnost i nije dio prethodnog projekta niti bilo kakve finansijski podr\u017eane aktivnosti, organizator ne garantuje isplatu honorara i dnevnica niti putnih tro\u0161kova dok \u0107e se za rad posmatra\u010da nastojati osigurati hrana i pi\u0107e za izborni dan.<\/p>\n\n\n\n<p>Sa posmatra\u010dima \u0107e biti potpisani Ugovori o volontiranju u skladu sa Zakonom.<\/p>\n\n\n\n<p>Da biste se prijavili na ovaj poziv neophodno je da ispunite prijavu koja je dostupna na slede\u0107em <strong><a href=\"https:\/\/forms.gle\/hdmETMgez6ajiARG8\" target=\"_blank\" rel=\"noreferrer noopener\" aria-label=\"linku (opens in a new tab)\">linku<\/a><\/strong>: <a rel=\"noreferrer noopener\" aria-label=\"https:\/\/forms.gle\/hdmETMgez6ajiARG8 (opens in a new tab)\" href=\"https:\/\/forms.gle\/hdmETMgez6ajiARG8\" target=\"_blank\">https:\/\/forms.gle\/hdmETMgez6ajiARG8<\/a><\/p>\n\n\n\n<p>Poziv ostaje otvoren do 20.08.2020. godine!<\/p>\n\n\n\n<p>Za sva dodatna pitanja pozivamo vas da nam pi\u0161ete na <a href=\"mailto:ik.cerebra@gmail.com\" target=\"_blank\" rel=\"noreferrer noopener\" aria-label=\"ik.cerebra@gmail.com (opens in a new tab)\">ik.cerebra@gmail.com<\/a>.<\/p>\n\n\n\n<p>Sre\u0107no!<\/p>\n\n\n\n<figure class=\"wp-block-image\"><img loading=\"lazy\" decoding=\"async\" width=\"1024\" height=\"390\" src=\"http:\/\/www.mladibl.com\/wp-content\/uploads\/2020\/07\/JAVNI-POZIV-za-akreditovanje-posmatra\u010da-na-Lokalnim-izborima-2020.-1024x390.png\" alt=\"\" class=\"wp-image-2171\" srcset=\"https:\/\/www.mladibl.com\/wp-content\/uploads\/2020\/07\/JAVNI-POZIV-za-akreditovanje-posmatra\u010da-na-Lokalnim-izborima-2020.-1024x390.png 1024w, https:\/\/www.mladibl.com\/wp-content\/uploads\/2020\/07\/JAVNI-POZIV-za-akreditovanje-posmatra\u010da-na-Lokalnim-izborima-2020.-300x114.png 300w, https:\/\/www.mladibl.com\/wp-content\/uploads\/2020\/07\/JAVNI-POZIV-za-akreditovanje-posmatra\u010da-na-Lokalnim-izborima-2020.-768x292.png 768w, https:\/\/www.mladibl.com\/wp-content\/uploads\/2020\/07\/JAVNI-POZIV-za-akreditovanje-posmatra\u010da-na-Lokalnim-izborima-2020..png 2048w\" sizes=\"auto, (max-width: 1024px) 100vw, 1024px\" \/><\/figure>\n\n\n\n<p>Preuzeto sa: <a href=\"http:\/\/www.cerebra-ngo.com\/?p=950\" target=\"_blank\" rel=\"noreferrer noopener\" aria-label=\"CEREBRA NGO (opens in a new tab)\">CEREBRA NGO<\/a><\/p>\n","protected":false},"excerpt":{"rendered":"<p>Agencija za razvoj i saradnju CEREBRA Banja Luka objavljuje JAVNI POZIV za akreditovanje posmatra\u010da na Lokalnim izborima 2020. godine Ovaj<\/p>\n","protected":false},"author":1,"featured_media":2171,"comment_status":"closed","ping_status":"open","sticky":false,"template":"","format":"standard","meta":{"om_disable_all_campaigns":false,"_monsterinsights_skip_tracking":false,"_monsterinsights_sitenote_active":false,"_monsterinsights_sitenote_note":"","_monsterinsights_sitenote_category":0,"footnotes":""},"categories":[449],"tags":[971,22,218,973,972],"class_list":["post-2170","post","type-post","status-publish","format-standard","has-post-thumbnail","hentry","category-organizacije","tag-akreditovanje","tag-cerebra","tag-javni-poziv","tag-lokalni-izbori","tag-posmatraci"],"jetpack_featured_media_url":"https:\/\/www.mladibl.com\/wp-content\/uploads\/2020\/07\/JAVNI-POZIV-za-akreditovanje-posmatra\u010da-na-Lokalnim-izborima-2020..png","amp_enabled":true,"_links":{"self":[{"href":"https:\/\/www.mladibl.com\/index.php?rest_route=\/wp\/v2\/posts\/2170","targetHints":{"allow":["GET"]}}],"collection":[{"href":"https:\/\/www.mladibl.com\/index.php?rest_route=\/wp\/v2\/posts"}],"about":[{"href":"https:\/\/www.mladibl.com\/index.php?rest_route=\/wp\/v2\/types\/post"}],"author":[{"embeddable":true,"href":"https:\/\/www.mladibl.com\/index.php?rest_route=\/wp\/v2\/users\/1"}],"replies":[{"embeddable":true,"href":"https:\/\/www.mladibl.com\/index.php?rest_route=%2Fwp%2Fv2%2Fcomments&post=2170"}],"version-history":[{"count":1,"href":"https:\/\/www.mladibl.com\/index.php?rest_route=\/wp\/v2\/posts\/2170\/revisions"}],"predecessor-version":[{"id":2172,"href":"https:\/\/www.mladibl.com\/index.php?rest_route=\/wp\/v2\/posts\/2170\/revisions\/2172"}],"wp:featuredmedia":[{"embeddable":true,"href":"https:\/\/www.mladibl.com\/index.php?rest_route=\/wp\/v2\/media\/2171"}],"wp:attachment":[{"href":"https:\/\/www.mladibl.com\/index.php?rest_route=%2Fwp%2Fv2%2Fmedia&parent=2170"}],"wp:term":[{"taxonomy":"category","embeddable":true,"href":"https:\/\/www.mladibl.com\/index.php?rest_route=%2Fwp%2Fv2%2Fcategories&post=2170"},{"taxonomy":"post_tag","embeddable":true,"href":"https:\/\/www.mladibl.com\/index.php?rest_route=%2Fwp%2Fv2%2Ftags&post=2170"}],"curies":[{"name":"wp","href":"https:\/\/api.w.org\/{rel}","templated":true}]}}