{"id":21685,"date":"2022-07-07T22:22:08","date_gmt":"2022-07-07T20:22:08","guid":{"rendered":"https:\/\/www.mladibl.com\/?p=21685"},"modified":"2022-07-07T22:22:09","modified_gmt":"2022-07-07T20:22:09","slug":"otvoren-poziv-za-prijave-za-ljetni-kamp-mira-friedensgrund-bih","status":"publish","type":"post","link":"https:\/\/www.mladibl.com\/?p=21685","title":{"rendered":"Otvoren poziv za prijave za ljetni kamp mira \u201eFriedensgrund BiH\u201c"},"content":{"rendered":"\n<p>U okviru me\u0111ureligijskog projekta Kora\u010dajmo zajedno i ove godine Nadbiskupijski centar za pastoral mladih Ivan Pavao II. organizira ljetni kamp mira za mlade pod nazivom Friedensgrund BiH, \u0161to zna\u010di temelj mira. Cilj kampa je pru\u017eiti priliku mladim katolicima i pravoslavcima da se susretnu i do\u017eive ljetovanje na druga\u010diji na\u010din \u2013 kroz spoj zabave, molitve, u\u010denja i timskog rada. Ove godine kamp \u0107e se odr\u017eati u \u017eupi \u017dalosne Gospe u Kornici (Op\u0107ina Modri\u010da), u prostorijama regionalnog Centra za pastoral mladih razdoblju od 18. do 24. srpnja\/jula.<\/p>\n\n\n\n<p>Kroz sedmodnevni program kampa, mladi imaju priliku, pod vodstvom vr\u0161nja\u010dkih edukatora projekta za mlade Kora\u010dajmo zajedno, u\u010diti o va\u017enosti upoznavanja drugog i druga\u010dijeg, otkrivati osobne i kolektivne vrijednosti, ali i razvijati svoje radne navike, talente i sposobnosti. Program kampa \u0107e sadr\u017eavati sportske aktivnosti, izlete, radionice. Pored sudionika iz Bosne i Hercegovine, na kampu \u0107e sudjelovati i mladi iz Italije, Njema\u010dke i Latvije.<\/p>\n\n\n\n<p>Prijave su otvorene do 11. srpnja\/jula 2022. godine, a mogu sudjelovati svi mladi uzrasta od 15 do 20 godina. Prijavni obrazac mo\u017eete ispuniti <strong><a href=\"https:\/\/forms.gle\/GLECDrjnU2Duv5oX8\" target=\"_blank\" rel=\"noreferrer noopener\">ovdje<\/a><\/strong>.<\/p>\n\n\n\n<p>Participacija za sudjelovanje iznosi 50 KM po osobi. Organizaciju prijevoza i putne tro\u0161kove snosi Nadbiskupijski centar za pastoral mladih Ivan Pavao II.<\/p>\n\n\n\n<p>Vi\u0161e informacija tako\u0111er mo\u017eete dobiti putem e -maila: <strong><a href=\"mailto:ncm.koracajmozajedno@gmail.com\" target=\"_blank\" rel=\"noreferrer noopener\">ncm.koracajmozajedno@gmail.com<\/a><\/strong> i na broj telefona: 033\/766-226, svakim radnim danom od 08:00 do 16:00. Kontakt osoba Nade\u017eda Mojsilovi\u0107.<\/p>\n\n\n\n<p>Preuzeto sa: <a href=\"https:\/\/www.mreza-mira.net\/vijesti\/volonterski-angazman-i-internships\/otvoren-poziv-za-prijave-za-ljetni-kamp-mira-friedensgrund-bih\/\" target=\"_blank\" rel=\"noreferrer noopener\">mreza-mira.net<\/a><\/p>\n","protected":false},"excerpt":{"rendered":"<p>U okviru me\u0111ureligijskog projekta Kora\u010dajmo zajedno i ove godine Nadbiskupijski centar za pastoral mladih Ivan Pavao II. organizira ljetni kamp<\/p>\n","protected":false},"author":1,"featured_media":21673,"comment_status":"closed","ping_status":"open","sticky":false,"template":"","format":"standard","meta":{"om_disable_all_campaigns":false,"_monsterinsights_skip_tracking":false,"_monsterinsights_sitenote_active":false,"_monsterinsights_sitenote_note":"","_monsterinsights_sitenote_category":0,"footnotes":""},"categories":[6],"tags":[9052,3427],"class_list":["post-21685","post","type-post","status-publish","format-standard","has-post-thumbnail","hentry","category-dogadjaji","tag-friedensgrund-bih","tag-ljetni-kamp"],"jetpack_featured_media_url":"https:\/\/www.mladibl.com\/wp-content\/uploads\/2022\/07\/Otvoren-poziv-za-prijave-za-ljetni-kamp-mira-\u201eFriedensgrund-BiH.jpg","amp_enabled":true,"_links":{"self":[{"href":"https:\/\/www.mladibl.com\/index.php?rest_route=\/wp\/v2\/posts\/21685","targetHints":{"allow":["GET"]}}],"collection":[{"href":"https:\/\/www.mladibl.com\/index.php?rest_route=\/wp\/v2\/posts"}],"about":[{"href":"https:\/\/www.mladibl.com\/index.php?rest_route=\/wp\/v2\/types\/post"}],"author":[{"embeddable":true,"href":"https:\/\/www.mladibl.com\/index.php?rest_route=\/wp\/v2\/users\/1"}],"replies":[{"embeddable":true,"href":"https:\/\/www.mladibl.com\/index.php?rest_route=%2Fwp%2Fv2%2Fcomments&post=21685"}],"version-history":[{"count":1,"href":"https:\/\/www.mladibl.com\/index.php?rest_route=\/wp\/v2\/posts\/21685\/revisions"}],"predecessor-version":[{"id":21687,"href":"https:\/\/www.mladibl.com\/index.php?rest_route=\/wp\/v2\/posts\/21685\/revisions\/21687"}],"wp:featuredmedia":[{"embeddable":true,"href":"https:\/\/www.mladibl.com\/index.php?rest_route=\/wp\/v2\/media\/21673"}],"wp:attachment":[{"href":"https:\/\/www.mladibl.com\/index.php?rest_route=%2Fwp%2Fv2%2Fmedia&parent=21685"}],"wp:term":[{"taxonomy":"category","embeddable":true,"href":"https:\/\/www.mladibl.com\/index.php?rest_route=%2Fwp%2Fv2%2Fcategories&post=21685"},{"taxonomy":"post_tag","embeddable":true,"href":"https:\/\/www.mladibl.com\/index.php?rest_route=%2Fwp%2Fv2%2Ftags&post=21685"}],"curies":[{"name":"wp","href":"https:\/\/api.w.org\/{rel}","templated":true}]}}