{"id":21679,"date":"2022-07-07T22:15:52","date_gmt":"2022-07-07T20:15:52","guid":{"rendered":"https:\/\/www.mladibl.com\/?p=21679"},"modified":"2022-07-07T22:15:53","modified_gmt":"2022-07-07T20:15:53","slug":"za-vikend-besplatan-prevoz-iz-banje-luke-do-centra-za-posjetioce-pecka","status":"publish","type":"post","link":"https:\/\/www.mladibl.com\/?p=21679","title":{"rendered":"Za vikend besplatan prevoz iz Banje Luke do Centra za posjetioce Pecka"},"content":{"rendered":"\n<p>Tokom predstoje\u0107eg vikenda bi\u0107e odr\u017ean \u201ePecka Outdoor Festival\u201c, a uz podr\u0161ku Grada Banje Luke organizovan je i besplatan prevoz iz Banje Luke.<\/p>\n\n\n\n<p>Prevoz od Banje Luke do Centra za posjetioce Pecka \u0107e biti dostupan 9. i 10. jula u sljede\u0107im terminima:<\/p>\n\n\n\n<p>9. jul \u2013 polazak iz Banje Luke sa Stare autobuske stanice u 8.30 \u010dasova, povratak iz Pecke u 19.30 \u010dasova;<\/p>\n\n\n\n<p>10. jul \u2013 polazak iz Banje Luke sa Stare autobuske stanice u 8.30 \u010dasova, povratak iz Pecke u 18.00 \u010dasova;<\/p>\n\n\n\n<p>Broj mjesta je ograni\u010den, a prijave su omogu\u0107ene u Turisti\u010dkoj agenciji Zepter Passport, kao i na stranici: <strong><a rel=\"noreferrer noopener\" href=\"http:\/\/www.peckaoutdoor.com\" target=\"_blank\">www.peckaoutdoor.com<\/a><\/strong><\/p>\n\n\n\n<p>Prema rije\u010dima organizatora \u2013 Centra za posjetioce Pecka, manifestacija \u201ePecka Outdoor Festival\u201c je osmi\u0161ljen kao svojevrsna proslava brdskog biciklizma, aktivnog \u017eivota, zdravih navika i porodi\u010dnih okupljanja u prirodi, s dodatnim ciljem popularizacije izuzetno primamljivog i neotkrivenog prostora Pecke.<\/p>\n\n\n\n<p>Preuzeto sa: <a href=\"https:\/\/www.banjaluka.rs.ba\/uz-podrsku-grada-za-vikend-besplatan-prevoz-iz-banje-luke-do-centra-za-posjetioce-pecka\/\" target=\"_blank\" rel=\"noreferrer noopener\">Grad Banja Luka<\/a><\/p>\n","protected":false},"excerpt":{"rendered":"<p>Tokom predstoje\u0107eg vikenda bi\u0107e odr\u017ean \u201ePecka Outdoor Festival\u201c, a uz podr\u0161ku Grada Banje Luke organizovan je i besplatan prevoz iz<\/p>\n","protected":false},"author":1,"featured_media":21676,"comment_status":"closed","ping_status":"open","sticky":false,"template":"","format":"standard","meta":{"om_disable_all_campaigns":false,"_monsterinsights_skip_tracking":false,"_monsterinsights_sitenote_active":false,"_monsterinsights_sitenote_note":"","_monsterinsights_sitenote_category":0,"footnotes":""},"categories":[2],"tags":[265,4992,9048],"class_list":["post-21679","post","type-post","status-publish","format-standard","has-post-thumbnail","hentry","category-vijesti","tag-besplatan-prevoz","tag-pecka","tag-pecka-outdoor-festival"],"jetpack_featured_media_url":"https:\/\/www.mladibl.com\/wp-content\/uploads\/2022\/07\/Za-vikend-besplatan-prevoz-iz-Banje-Luke-do-Centra-za-posjetioce-Pecka.jpg","amp_enabled":true,"_links":{"self":[{"href":"https:\/\/www.mladibl.com\/index.php?rest_route=\/wp\/v2\/posts\/21679","targetHints":{"allow":["GET"]}}],"collection":[{"href":"https:\/\/www.mladibl.com\/index.php?rest_route=\/wp\/v2\/posts"}],"about":[{"href":"https:\/\/www.mladibl.com\/index.php?rest_route=\/wp\/v2\/types\/post"}],"author":[{"embeddable":true,"href":"https:\/\/www.mladibl.com\/index.php?rest_route=\/wp\/v2\/users\/1"}],"replies":[{"embeddable":true,"href":"https:\/\/www.mladibl.com\/index.php?rest_route=%2Fwp%2Fv2%2Fcomments&post=21679"}],"version-history":[{"count":1,"href":"https:\/\/www.mladibl.com\/index.php?rest_route=\/wp\/v2\/posts\/21679\/revisions"}],"predecessor-version":[{"id":21680,"href":"https:\/\/www.mladibl.com\/index.php?rest_route=\/wp\/v2\/posts\/21679\/revisions\/21680"}],"wp:featuredmedia":[{"embeddable":true,"href":"https:\/\/www.mladibl.com\/index.php?rest_route=\/wp\/v2\/media\/21676"}],"wp:attachment":[{"href":"https:\/\/www.mladibl.com\/index.php?rest_route=%2Fwp%2Fv2%2Fmedia&parent=21679"}],"wp:term":[{"taxonomy":"category","embeddable":true,"href":"https:\/\/www.mladibl.com\/index.php?rest_route=%2Fwp%2Fv2%2Fcategories&post=21679"},{"taxonomy":"post_tag","embeddable":true,"href":"https:\/\/www.mladibl.com\/index.php?rest_route=%2Fwp%2Fv2%2Ftags&post=21679"}],"curies":[{"name":"wp","href":"https:\/\/api.w.org\/{rel}","templated":true}]}}