{"id":2166,"date":"2020-07-20T21:28:05","date_gmt":"2020-07-20T19:28:05","guid":{"rendered":"http:\/\/www.mladibl.com\/?p=2166"},"modified":"2020-07-20T21:28:35","modified_gmt":"2020-07-20T19:28:35","slug":"banjalucani-krece-eko-setnja","status":"publish","type":"post","link":"https:\/\/www.mladibl.com\/?p=2166","title":{"rendered":"Banjalu\u010dani, kre\u0107e EKO-\u0160ETNJA!"},"content":{"rendered":"\n<p>Agencija za razvoj i saradnju CEREBRA Banja Luka u saradnji sa Studentskom organizacijom Prirodno \u2013 matemati\u010dkog fakulteta Banja Luka pokre\u0107e volontersku ekolo\u0161ku akciju &#8220;EKO-\u0160ETNJA!&#8221;<\/p>\n\n\n\n<figure class=\"wp-block-image\"><img loading=\"lazy\" decoding=\"async\" width=\"1024\" height=\"390\" src=\"http:\/\/www.mladibl.com\/wp-content\/uploads\/2020\/07\/Banjalu\u010dani-kre\u0107e-EKO-\u0160ETNJA-1024x390.png\" alt=\"\" class=\"wp-image-2167\" srcset=\"https:\/\/www.mladibl.com\/wp-content\/uploads\/2020\/07\/Banjalu\u010dani-kre\u0107e-EKO-\u0160ETNJA-1024x390.png 1024w, https:\/\/www.mladibl.com\/wp-content\/uploads\/2020\/07\/Banjalu\u010dani-kre\u0107e-EKO-\u0160ETNJA-300x114.png 300w, https:\/\/www.mladibl.com\/wp-content\/uploads\/2020\/07\/Banjalu\u010dani-kre\u0107e-EKO-\u0160ETNJA-768x292.png 768w, https:\/\/www.mladibl.com\/wp-content\/uploads\/2020\/07\/Banjalu\u010dani-kre\u0107e-EKO-\u0160ETNJA.png 2048w\" sizes=\"auto, (max-width: 1024px) 100vw, 1024px\" \/><\/figure>\n\n\n\n<p>Prva EKO-\u0160ETNJA odr\u017ea\u0107e se u UTORAK, 21.07.2020. godine sa po\u010detkom u 18 \u010dasova i kreta\u0107e se do spomenika na Banj brdu i nazad.<\/p>\n\n\n\n<p>Sastanak grupe je na parkingu kod fabrike &#8220;BEMA&#8221; Banja Luka.<\/p>\n\n\n\n<p>Pozivamo sugra\u0111ane koji \u017eele da se priklju\u010de akciji da sa sobom obavezno ponesu za\u0161titne maske i rukavice te udobnu odje\u0107u i obu\u0107u. Organizator obezbje\u0111uje vre\u0107e za sme\u0107e.<\/p>\n\n\n\n<p>EKO-\u0160ETNJA volonterska je akcija koja \u0107e se odr\u017eavati jednom sedmi\u010dno, svaki put na drugoj lokaciji i kreta\u0107e se drugom putanjom. Kroz dvo\u010dasovno dru\u017eenje i \u0161etnju trudi\u0107emo se da sakupimo \u0161to vi\u0161e otpada koji nam se na\u0111e na putu!<\/p>\n\n\n\n<p>EKO-\u0160ETNJA poziva sve organizacije i pojedince voljne da pomognu i priklju\u010de akciji da nam se jave kako bi postali suorganizatori ove aktivnosti i kako bismo ovim pokretom o\u010distili na\u0161 grad i okolinu ali i promovisali zdrave \u017eivotne navike i stilove te kvalitetno provo\u0111enje slobodnog vremena.<\/p>\n\n\n\n<p>Za sva dodatna pitanja i informacije budite slobodni da nam pi\u0161ete putem elektronske po\u0161te ili u inbox dru\u0161tvenih mre\u017ea na kojima smo dostupni.<\/p>\n\n\n\n<p>#like #share #eko #\u0161etnja<\/p>\n\n\n\n<p>Preuzeto sa: <a href=\"http:\/\/www.cerebra-ngo.com\/?p=955\" target=\"_blank\" rel=\"noreferrer noopener\" aria-label=\"CEREBRA NGO (opens in a new tab)\">CEREBRA NGO<\/a><\/p>\n","protected":false},"excerpt":{"rendered":"<p>Agencija za razvoj i saradnju CEREBRA Banja Luka u saradnji sa Studentskom organizacijom Prirodno \u2013 matemati\u010dkog fakulteta Banja Luka pokre\u0107e<\/p>\n","protected":false},"author":1,"featured_media":2167,"comment_status":"closed","ping_status":"open","sticky":false,"template":"","format":"standard","meta":{"om_disable_all_campaigns":false,"_monsterinsights_skip_tracking":false,"_monsterinsights_sitenote_active":false,"_monsterinsights_sitenote_note":"","_monsterinsights_sitenote_category":0,"footnotes":""},"categories":[449],"tags":[53,22,970,112,109,108],"class_list":["post-2166","post","type-post","status-publish","format-standard","has-post-thumbnail","hentry","category-organizacije","tag-banja-luka","tag-cerebra","tag-eko-setnja","tag-volonteri","tag-volonterska-akcija","tag-volontiranje"],"jetpack_featured_media_url":"https:\/\/www.mladibl.com\/wp-content\/uploads\/2020\/07\/Banjalu\u010dani-kre\u0107e-EKO-\u0160ETNJA.png","amp_enabled":true,"_links":{"self":[{"href":"https:\/\/www.mladibl.com\/index.php?rest_route=\/wp\/v2\/posts\/2166","targetHints":{"allow":["GET"]}}],"collection":[{"href":"https:\/\/www.mladibl.com\/index.php?rest_route=\/wp\/v2\/posts"}],"about":[{"href":"https:\/\/www.mladibl.com\/index.php?rest_route=\/wp\/v2\/types\/post"}],"author":[{"embeddable":true,"href":"https:\/\/www.mladibl.com\/index.php?rest_route=\/wp\/v2\/users\/1"}],"replies":[{"embeddable":true,"href":"https:\/\/www.mladibl.com\/index.php?rest_route=%2Fwp%2Fv2%2Fcomments&post=2166"}],"version-history":[{"count":2,"href":"https:\/\/www.mladibl.com\/index.php?rest_route=\/wp\/v2\/posts\/2166\/revisions"}],"predecessor-version":[{"id":2169,"href":"https:\/\/www.mladibl.com\/index.php?rest_route=\/wp\/v2\/posts\/2166\/revisions\/2169"}],"wp:featuredmedia":[{"embeddable":true,"href":"https:\/\/www.mladibl.com\/index.php?rest_route=\/wp\/v2\/media\/2167"}],"wp:attachment":[{"href":"https:\/\/www.mladibl.com\/index.php?rest_route=%2Fwp%2Fv2%2Fmedia&parent=2166"}],"wp:term":[{"taxonomy":"category","embeddable":true,"href":"https:\/\/www.mladibl.com\/index.php?rest_route=%2Fwp%2Fv2%2Fcategories&post=2166"},{"taxonomy":"post_tag","embeddable":true,"href":"https:\/\/www.mladibl.com\/index.php?rest_route=%2Fwp%2Fv2%2Ftags&post=2166"}],"curies":[{"name":"wp","href":"https:\/\/api.w.org\/{rel}","templated":true}]}}