{"id":21656,"date":"2022-07-06T22:36:28","date_gmt":"2022-07-06T20:36:28","guid":{"rendered":"https:\/\/www.mladibl.com\/?p=21656"},"modified":"2022-07-06T22:36:30","modified_gmt":"2022-07-06T20:36:30","slug":"ljetnja-umjetnicka-skola-okuplja-30-mladih-umjetnika","status":"publish","type":"post","link":"https:\/\/www.mladibl.com\/?p=21656","title":{"rendered":"Ljetnja umjetni\u010dka \u0161kola okuplja 30 mladih umjetnika"},"content":{"rendered":"\n<p>Ljetnja umjetni\u010dka \u0161kola pod nazivom ,,nARTur\u02ee okupi\u0107e u Banjoj Luci 30 mladih umjetnika iz Republike Srpske i Srbije.<\/p>\n\n\n\n<p>Rije\u010d je o Ljetnjoj \u0161koli Univerziteta umetnosti u Beogradu, koju \u0107e 9. jula 2022. godine otvoriti rektorka te visoko\u0161kolske ustanove prof. dr Mirjana Nikoli\u0107 i prorektor prof. Branko Rakovi\u0107. Otvaranje \u0107e biti u odr\u017eano 18 \u010dasova, u Kamernoj sali Akademije umjetnosti Univerziteta u Banjoj Luci.<\/p>\n\n\n\n<p>Odr\u017eavanje ove \u0161kole, koja \u0107e trajati do 15. jula 2022. godine, omogu\u0107eno je zna\u010dajnom podr\u0161kom i izuzetnim zalaganjem Akademije umjetnosti Univerziteta u Banjoj Luci.<\/p>\n\n\n\n<p>,,Ovogodi\u0161nja Ljetnja umjetni\u010dka \u0161kola posve\u0107ena je istra\u017eivanju i novom \u010ditanju kulturnog nasle\u0111a Banjaluke, a posebno kulturno-umjetni\u010dkom stvarala\u0161tvu i dinami\u010dnoj istoriji grada. Za stvarala\u0161tvo mladih umjetnika inspiracija \u0107e biti i prepoznatljivi &#8216;zeleni imid\u017e&#8217; i autenti\u010dno prirodno okru\u017eenje grada. U ambijentu grada planirana je realizacija dvije umjetni\u010dke radionice\u02ee, poru\u010dili su organizatori.<\/p>\n\n\n\n<p>Rukovodioci radionica su ugledni profesori fakulteta iz sastava Univerziteta umetnosti u Beogradu, dok \u0107e polaznici biti studenti iz Republike Srpske i Srbije.<\/p>\n\n\n\n<p>Univerzitet umetnosti u Beogradu tradicionalno organizuje Ljetnju umjetni\u010dku \u0161kolu sa ciljem da istra\u017ei umjetni\u010dki provokativne kulturno-istorijske i prirodne ambijente i da ih, koriste\u0107i se savremenim umjetni\u010dkim jezikom i alatima, reanimira i u\u010dini vidljivijim.<\/p>\n\n\n\n<p>Preuzeto sa: <a href=\"https:\/\/unibl.org\/sr-lat\/vesti\/2022\/07\/ljetnja-umjetnicka-skola-okuplja-30-mladih-umjetnika\" target=\"_blank\" rel=\"noreferrer noopener\">unibl.org<\/a><\/p>\n","protected":false},"excerpt":{"rendered":"<p>Ljetnja umjetni\u010dka \u0161kola pod nazivom ,,nARTur\u02ee okupi\u0107e u Banjoj Luci 30 mladih umjetnika iz Republike Srpske i Srbije. Rije\u010d je<\/p>\n","protected":false},"author":1,"featured_media":21630,"comment_status":"closed","ping_status":"open","sticky":false,"template":"","format":"standard","meta":{"om_disable_all_campaigns":false,"_monsterinsights_skip_tracking":false,"_monsterinsights_sitenote_active":false,"_monsterinsights_sitenote_note":"","_monsterinsights_sitenote_category":0,"footnotes":""},"categories":[370],"tags":[9045,913],"class_list":["post-21656","post","type-post","status-publish","format-standard","has-post-thumbnail","hentry","category-ostalo","tag-ljetna-umjetnicka-skola","tag-umjetnici"],"jetpack_featured_media_url":"https:\/\/www.mladibl.com\/wp-content\/uploads\/2022\/07\/Ljetnja-umjetnicka-skola-okuplja-30-mladih-umjetnika.jpg","amp_enabled":true,"_links":{"self":[{"href":"https:\/\/www.mladibl.com\/index.php?rest_route=\/wp\/v2\/posts\/21656","targetHints":{"allow":["GET"]}}],"collection":[{"href":"https:\/\/www.mladibl.com\/index.php?rest_route=\/wp\/v2\/posts"}],"about":[{"href":"https:\/\/www.mladibl.com\/index.php?rest_route=\/wp\/v2\/types\/post"}],"author":[{"embeddable":true,"href":"https:\/\/www.mladibl.com\/index.php?rest_route=\/wp\/v2\/users\/1"}],"replies":[{"embeddable":true,"href":"https:\/\/www.mladibl.com\/index.php?rest_route=%2Fwp%2Fv2%2Fcomments&post=21656"}],"version-history":[{"count":1,"href":"https:\/\/www.mladibl.com\/index.php?rest_route=\/wp\/v2\/posts\/21656\/revisions"}],"predecessor-version":[{"id":21657,"href":"https:\/\/www.mladibl.com\/index.php?rest_route=\/wp\/v2\/posts\/21656\/revisions\/21657"}],"wp:featuredmedia":[{"embeddable":true,"href":"https:\/\/www.mladibl.com\/index.php?rest_route=\/wp\/v2\/media\/21630"}],"wp:attachment":[{"href":"https:\/\/www.mladibl.com\/index.php?rest_route=%2Fwp%2Fv2%2Fmedia&parent=21656"}],"wp:term":[{"taxonomy":"category","embeddable":true,"href":"https:\/\/www.mladibl.com\/index.php?rest_route=%2Fwp%2Fv2%2Fcategories&post=21656"},{"taxonomy":"post_tag","embeddable":true,"href":"https:\/\/www.mladibl.com\/index.php?rest_route=%2Fwp%2Fv2%2Ftags&post=21656"}],"curies":[{"name":"wp","href":"https:\/\/api.w.org\/{rel}","templated":true}]}}