{"id":21643,"date":"2022-07-06T22:21:57","date_gmt":"2022-07-06T20:21:57","guid":{"rendered":"https:\/\/www.mladibl.com\/?p=21643"},"modified":"2022-07-06T22:21:59","modified_gmt":"2022-07-06T20:21:59","slug":"69-manifestacija-ljeto-na-vrbasu-2022","status":"publish","type":"post","link":"https:\/\/www.mladibl.com\/?p=21643","title":{"rendered":"69. manifestacija \u201cLjETO NA VRBASU 2022\u201d"},"content":{"rendered":"\n<p>Tradicionalna manifestacija \u201cLjeto na Vrbasu 2022\u201d odr\u017ea\u0107e se od 10. do 24. jula na Gradskom mostu i pla\u017eama na obalama rijeke Vrbas u Banjoj Luci u organizaciji Turisti\u010dke organizacije grada Banja Luka.<\/p>\n\n\n\n<p>Po\u010detak manifestacije predvi\u0111en je za 10. jul skokovima sa Gradskog mosta. Vi\u0161e od 25 skaka\u010da iz Crne Gore, Srbije i BiH i, Republike Srpske, takmi\u010di\u0107e se u skoku najljep\u0161e \u201cBanjalu\u010dke laste\u201d.<\/p>\n\n\n\n<p>Skokovi se izvode sa visine od 12 metara u dubinu rijeke koja je u trenutku skoka svega 2 metra i 30 centimetara. Od 15 do 17 \u010dasova takmi\u010dari \u0107e skakati u dvije serije, kvalifikacije i finale, a potom \u0107e se izbarati tri najljp\u0161a skoka \u201cLaste sa Vrbasa\u201d.<\/p>\n\n\n\n<p>Tokom naredne dvije sedmice na\u0161i sugra\u0111ani u\u017eiva\u0107e u dobro poznatom doga\u0111aju \u201cPles pod zvijezdama\u201d (park Petar Ko\u010di\u0107) , bioskopu na otvorenom na tvr\u0111avi Kastel i 24. jula tradicionalnoj trci dajak \u010damaca.<\/p>\n\n\n\n<p>Preuzeto sa: <a href=\"https:\/\/blmojgrad.com\/69-manifestacija-ljeto-na-vrbasu-2022\/\" target=\"_blank\" rel=\"noreferrer noopener\">blmojgrad.com<\/a><\/p>\n","protected":false},"excerpt":{"rendered":"<p>Tradicionalna manifestacija \u201cLjeto na Vrbasu 2022\u201d odr\u017ea\u0107e se od 10. do 24. jula na Gradskom mostu i pla\u017eama na obalama<\/p>\n","protected":false},"author":1,"featured_media":21637,"comment_status":"closed","ping_status":"open","sticky":false,"template":"","format":"standard","meta":{"om_disable_all_campaigns":false,"_monsterinsights_skip_tracking":false,"_monsterinsights_sitenote_active":false,"_monsterinsights_sitenote_note":"","_monsterinsights_sitenote_category":0,"footnotes":""},"categories":[2],"tags":[5589,2555],"class_list":["post-21643","post","type-post","status-publish","format-standard","has-post-thumbnail","hentry","category-vijesti","tag-ljeto-na-vrbasu","tag-manifestacija"],"jetpack_featured_media_url":"https:\/\/www.mladibl.com\/wp-content\/uploads\/2022\/07\/69.-manifestacija-LjETO-NA-VRBASU-2022.jpg","amp_enabled":true,"_links":{"self":[{"href":"https:\/\/www.mladibl.com\/index.php?rest_route=\/wp\/v2\/posts\/21643","targetHints":{"allow":["GET"]}}],"collection":[{"href":"https:\/\/www.mladibl.com\/index.php?rest_route=\/wp\/v2\/posts"}],"about":[{"href":"https:\/\/www.mladibl.com\/index.php?rest_route=\/wp\/v2\/types\/post"}],"author":[{"embeddable":true,"href":"https:\/\/www.mladibl.com\/index.php?rest_route=\/wp\/v2\/users\/1"}],"replies":[{"embeddable":true,"href":"https:\/\/www.mladibl.com\/index.php?rest_route=%2Fwp%2Fv2%2Fcomments&post=21643"}],"version-history":[{"count":1,"href":"https:\/\/www.mladibl.com\/index.php?rest_route=\/wp\/v2\/posts\/21643\/revisions"}],"predecessor-version":[{"id":21644,"href":"https:\/\/www.mladibl.com\/index.php?rest_route=\/wp\/v2\/posts\/21643\/revisions\/21644"}],"wp:featuredmedia":[{"embeddable":true,"href":"https:\/\/www.mladibl.com\/index.php?rest_route=\/wp\/v2\/media\/21637"}],"wp:attachment":[{"href":"https:\/\/www.mladibl.com\/index.php?rest_route=%2Fwp%2Fv2%2Fmedia&parent=21643"}],"wp:term":[{"taxonomy":"category","embeddable":true,"href":"https:\/\/www.mladibl.com\/index.php?rest_route=%2Fwp%2Fv2%2Fcategories&post=21643"},{"taxonomy":"post_tag","embeddable":true,"href":"https:\/\/www.mladibl.com\/index.php?rest_route=%2Fwp%2Fv2%2Ftags&post=21643"}],"curies":[{"name":"wp","href":"https:\/\/api.w.org\/{rel}","templated":true}]}}