{"id":21641,"date":"2022-07-06T22:20:34","date_gmt":"2022-07-06T20:20:34","guid":{"rendered":"https:\/\/www.mladibl.com\/?p=21641"},"modified":"2022-07-06T22:20:36","modified_gmt":"2022-07-06T20:20:36","slug":"javni-poziv-za-organizacije-civilnog-drustva-u-okviru-projekta-jacanje-uloge-mjesnih-zajednica-u-bih","status":"publish","type":"post","link":"https:\/\/www.mladibl.com\/?p=21641","title":{"rendered":"Javni poziv za organizacije civilnog dru\u0161tva u okviru projekta \u201eJa\u010danje uloge mjesnih zajednica u BiH\u201c"},"content":{"rendered":"\n<p>U okviru projekta \u201eJa\u010danje uloge mjesnih zajednica u BiH\u201c \u2013 faza 2, u kome Grad Banja Luka u\u010destvuje kao partnerska jedinica lokalne samouprave, objavljen je Javni poziv za organizacije civilnog dru\u0161tva za aktivnosti u dru\u0161tvenim centrima.<\/p>\n\n\n\n<p>Zainteresovani vi\u0161e infomacija o ovom Javnom pozivu mogu prona\u0107i na linku: <strong><a href=\"https:\/\/procurement-notices.undp.org\/view_notice.cfm?notice_id=92570\" target=\"_blank\" rel=\"noreferrer noopener\">https:\/\/procurement-notices.undp.org\/view_notice.cfm?notice_id=92570<\/a><\/strong><\/p>\n\n\n\n<p>Naime, Grad Banja Luka je partnerska jedinica lokalne samouprave u projektu \u201eJa\u010danje uloge mjesnih zajednica u Bosni i Hercegovini\u201c \u2013 faza 2. Jake mjesne zajednice doprinose pobolj\u0161anju kvaliteta \u017eivota i osiguravaju ve\u0107i anga\u017eman gra\u0111ana u procesima dono\u0161enja odluka na lokalnom nivou.<\/p>\n\n\n\n<p>Projekat finansiraju Vlada \u0160vajcarske i \u0160vedska, a u Bosni i Hercegovini realizuje ga Razvojni program Ujedinjenih nacija (UNDP).<\/p>\n\n\n\n<p>Preuzeto sa: <a href=\"https:\/\/www.banjaluka.rs.ba\/javni-poziv-za-organizacije-civilnog-drustva-u-okviru-projekta-jacanje-uloge-mjesnih-zajednica\/\" target=\"_blank\" rel=\"noreferrer noopener\">Grad Banja Luka<\/a><\/p>\n","protected":false},"excerpt":{"rendered":"<p>U okviru projekta \u201eJa\u010danje uloge mjesnih zajednica u BiH\u201c \u2013 faza 2, u kome Grad Banja Luka u\u010destvuje kao partnerska<\/p>\n","protected":false},"author":1,"featured_media":21638,"comment_status":"closed","ping_status":"open","sticky":false,"template":"","format":"standard","meta":{"om_disable_all_campaigns":false,"_monsterinsights_skip_tracking":false,"_monsterinsights_sitenote_active":false,"_monsterinsights_sitenote_note":"","_monsterinsights_sitenote_category":0,"footnotes":""},"categories":[2],"tags":[212,9038,218],"class_list":["post-21641","post","type-post","status-publish","format-standard","has-post-thumbnail","hentry","category-vijesti","tag-civilno-drustvo","tag-jacanje-uloge-mjesnih-zajednica","tag-javni-poziv"],"jetpack_featured_media_url":"https:\/\/www.mladibl.com\/wp-content\/uploads\/2022\/07\/Banja-Luka-panorama.jpg","amp_enabled":true,"_links":{"self":[{"href":"https:\/\/www.mladibl.com\/index.php?rest_route=\/wp\/v2\/posts\/21641","targetHints":{"allow":["GET"]}}],"collection":[{"href":"https:\/\/www.mladibl.com\/index.php?rest_route=\/wp\/v2\/posts"}],"about":[{"href":"https:\/\/www.mladibl.com\/index.php?rest_route=\/wp\/v2\/types\/post"}],"author":[{"embeddable":true,"href":"https:\/\/www.mladibl.com\/index.php?rest_route=\/wp\/v2\/users\/1"}],"replies":[{"embeddable":true,"href":"https:\/\/www.mladibl.com\/index.php?rest_route=%2Fwp%2Fv2%2Fcomments&post=21641"}],"version-history":[{"count":1,"href":"https:\/\/www.mladibl.com\/index.php?rest_route=\/wp\/v2\/posts\/21641\/revisions"}],"predecessor-version":[{"id":21642,"href":"https:\/\/www.mladibl.com\/index.php?rest_route=\/wp\/v2\/posts\/21641\/revisions\/21642"}],"wp:featuredmedia":[{"embeddable":true,"href":"https:\/\/www.mladibl.com\/index.php?rest_route=\/wp\/v2\/media\/21638"}],"wp:attachment":[{"href":"https:\/\/www.mladibl.com\/index.php?rest_route=%2Fwp%2Fv2%2Fmedia&parent=21641"}],"wp:term":[{"taxonomy":"category","embeddable":true,"href":"https:\/\/www.mladibl.com\/index.php?rest_route=%2Fwp%2Fv2%2Fcategories&post=21641"},{"taxonomy":"post_tag","embeddable":true,"href":"https:\/\/www.mladibl.com\/index.php?rest_route=%2Fwp%2Fv2%2Ftags&post=21641"}],"curies":[{"name":"wp","href":"https:\/\/api.w.org\/{rel}","templated":true}]}}