{"id":21614,"date":"2022-07-06T08:28:11","date_gmt":"2022-07-06T06:28:11","guid":{"rendered":"https:\/\/www.mladibl.com\/?p=21614"},"modified":"2022-07-06T08:28:12","modified_gmt":"2022-07-06T06:28:12","slug":"poziv-za-ucesce-u-fokus-grupama-2","status":"publish","type":"post","link":"https:\/\/www.mladibl.com\/?p=21614","title":{"rendered":"Poziv za u\u010de\u0161\u0107e u fokus grupama"},"content":{"rendered":"\n<p>Mediacentar Sarajevo poziva sve zainteresirane osobe iz Sarajeva, Banja Luke, Tuzle i Mostara (18\u201345) da se prijave za u\u010de\u0161\u0107e u fokus grupama.<\/p>\n\n\n\n<p>Tokom fokus grupa razgovarat \u0107emo o medijima koje vi pratite i va\u0161im stavovima o medijskim sadr\u017eajima u BiH.<\/p>\n\n\n\n<p>Prijaviti se mogu zainteresirane osobe koje imaju od 18 do 45 godina. Svaka fokus grupa \u0107e se sastojati od najvi\u0161e deset u\u010desnika\/ca, a diskusiju \u0107e voditi istra\u017eiva\u010dice iz Mediacentra. Fokus grupe \u0107e se odr\u017eati u Sarajevu, Banja Luci, Tuzli i Mostaru u sljede\u0107im terminima:<\/p>\n\n\n\n<p>Sarajevo, srijeda, 20.7.2022. \u2013 17:00 \u2013 18:30<\/p>\n\n\n\n<p><strong>Banja Luka, \u010detvrtak, 21.7.2022. \u2013 17:00 \u2013 18:30<\/strong><\/p>\n\n\n\n<p>Tuzla, utorak, 26.7.2022. \u2013 17:00 \u2013 18:30<\/p>\n\n\n\n<p>Mostar, srijeda 27.7.2022. \u2013 17:00 \u2013 18:30<\/p>\n\n\n\n<p>Za sve u\u010desnike\/ce obezbije\u0111ena je naknada od 40 BAM neto.<\/p>\n\n\n\n<p>Ukoliko ste zainteresirani za u\u010de\u0161\u0107e, potrebno je da po\u0161aljete svoju aplikacionu prijavu koju mo\u017eete preuzeti <strong><a href=\"https:\/\/www.media.ba\/sites\/default\/files\/aplikacioni_formular_4.docx\" target=\"_blank\" rel=\"noreferrer noopener\">ovdje<\/a><\/strong>, najkasnije do 14. jula na e-mail adresu: <strong><a href=\"mailto:prijave@media.ba\" target=\"_blank\" rel=\"noreferrer noopener\">prijave@media.ba<\/a><\/strong> s naznakom \u201ePrijava za fokus grupu&#8221; i ime grada za koji se prijavljujete. Izbor u\u010desnika\/ca vr\u0161it \u0107e se u skladu s potrebama za kreiranjem grupe koju odlikuju odre\u0111ene demografske karakteristike. Prednost za u\u010de\u0161\u0107e \u0107e imati osobe koje se ne bave novinarstvom. Organizator \u0107e kontaktirati u\u010desnike\/ce nakon selekcije.<\/p>\n\n\n\n<p>Fokus grupe su dio istra\u017eivanja Mediacentra Sarajevo sklopu projekta USAID-ova podr\u0161ka medijima (MEA) u Bosni i Hercegovini. U fokus grupama u\u010desnici\/e diskutuju o odre\u0111enom problemu uz stru\u010dno moderiranje razgovora.<\/p>\n\n\n\n<p>USAID-ova podr\u0161ka medijima (MEA) u Bosni i Hercegovini, koju provodi Internews u partnerstvu sa FHI 360 i lokalnim partnerima, nastoji pobolj\u0161ati kvalitetu medijskog sadr\u017eaja, pove\u0107ati novinarske standarde, pro\u0161iriti distribuciju sadr\u017eaja na ciljane populacije i u kona\u010dnici oja\u010dati informacijski prostor u BiH pove\u0107anjem dostupnosti i kvalitetu vjerodostojnih i profesionalnih informacija \u0161iroj populaciji u BiH (posebno publici koja tradicionalno ima ograni\u010den pristup informacijama).<\/p>\n\n\n\n<p>Preuzeto sa: <a href=\"https:\/\/www.media.ba\/bs\/event\/poziv-za-ucesce-u-fokus-grupama\" target=\"_blank\" rel=\"noreferrer noopener\">media.ba<\/a><\/p>\n","protected":false},"excerpt":{"rendered":"<p>Mediacentar Sarajevo poziva sve zainteresirane osobe iz Sarajeva, Banja Luke, Tuzle i Mostara (18\u201345) da se prijave za u\u010de\u0161\u0107e u<\/p>\n","protected":false},"author":1,"featured_media":21586,"comment_status":"closed","ping_status":"open","sticky":false,"template":"","format":"standard","meta":{"om_disable_all_campaigns":false,"_monsterinsights_skip_tracking":false,"_monsterinsights_sitenote_active":false,"_monsterinsights_sitenote_note":"","_monsterinsights_sitenote_category":0,"footnotes":""},"categories":[370],"tags":[3063,355,1788],"class_list":["post-21614","post","type-post","status-publish","format-standard","has-post-thumbnail","hentry","category-ostalo","tag-fokus-grupe","tag-poziv","tag-ucesce"],"jetpack_featured_media_url":"https:\/\/www.mladibl.com\/wp-content\/uploads\/2022\/07\/Poziv-za-ucesce-u-fokus-grupama.jpg","amp_enabled":true,"_links":{"self":[{"href":"https:\/\/www.mladibl.com\/index.php?rest_route=\/wp\/v2\/posts\/21614","targetHints":{"allow":["GET"]}}],"collection":[{"href":"https:\/\/www.mladibl.com\/index.php?rest_route=\/wp\/v2\/posts"}],"about":[{"href":"https:\/\/www.mladibl.com\/index.php?rest_route=\/wp\/v2\/types\/post"}],"author":[{"embeddable":true,"href":"https:\/\/www.mladibl.com\/index.php?rest_route=\/wp\/v2\/users\/1"}],"replies":[{"embeddable":true,"href":"https:\/\/www.mladibl.com\/index.php?rest_route=%2Fwp%2Fv2%2Fcomments&post=21614"}],"version-history":[{"count":1,"href":"https:\/\/www.mladibl.com\/index.php?rest_route=\/wp\/v2\/posts\/21614\/revisions"}],"predecessor-version":[{"id":21615,"href":"https:\/\/www.mladibl.com\/index.php?rest_route=\/wp\/v2\/posts\/21614\/revisions\/21615"}],"wp:featuredmedia":[{"embeddable":true,"href":"https:\/\/www.mladibl.com\/index.php?rest_route=\/wp\/v2\/media\/21586"}],"wp:attachment":[{"href":"https:\/\/www.mladibl.com\/index.php?rest_route=%2Fwp%2Fv2%2Fmedia&parent=21614"}],"wp:term":[{"taxonomy":"category","embeddable":true,"href":"https:\/\/www.mladibl.com\/index.php?rest_route=%2Fwp%2Fv2%2Fcategories&post=21614"},{"taxonomy":"post_tag","embeddable":true,"href":"https:\/\/www.mladibl.com\/index.php?rest_route=%2Fwp%2Fv2%2Ftags&post=21614"}],"curies":[{"name":"wp","href":"https:\/\/api.w.org\/{rel}","templated":true}]}}