{"id":21608,"date":"2022-07-06T08:21:50","date_gmt":"2022-07-06T06:21:50","guid":{"rendered":"https:\/\/www.mladibl.com\/?p=21608"},"modified":"2022-07-06T08:46:14","modified_gmt":"2022-07-06T06:46:14","slug":"edukativno-volonterski-kamp-skola-mira-2022","status":"publish","type":"post","link":"https:\/\/www.mladibl.com\/?p=21608","title":{"rendered":"Edukativno-volonterski kamp &#8220;\u0160kola mira 2022&#8221;"},"content":{"rendered":"\n<p>Pozivamo sve zainteresovane mlade od 17 do 25 godina da se prijave za u\u010de\u0161\u0107e na edukativno-volonterskom kampu &#8220;\u0160kola mira 2022&#8221;, koja \u0107e se po 14. put odr\u017eati u Banjaluci, od 19. do 26.8.2022. Kamp organizuju Youth for Peace (Sarajevo), Caritas Banja Luka (Banja Luka) i Caritas Vittorio Veneto (Veneto, italija).<\/p>\n\n\n\n<p>Na kampu \u0107e se okupiti mladi iz Bosne i Hercegovine i Italije, a tema ovogodi\u0161nje \u0160kole je &#8220;Migracijski procesi, me\u0111ureligijski i interkulturalni dijalog&#8221;.<\/p>\n\n\n\n<p>Rok za prijave je 20.7.2022.godine, a prijaviti se mo\u017eete slanjem e-maila na <strong><a rel=\"noreferrer noopener\" href=\"mailto:dajana.umicevic@caritas-banjaluka.ba\" target=\"_blank\">dajana.umicevic@caritas-banjaluka.ba<\/a><\/strong> ili na brojeve telefona 065 200 030 i 051 312 149<\/p>\n\n\n\n<figure class=\"wp-block-image size-large\"><img loading=\"lazy\" decoding=\"async\" width=\"723\" height=\"1024\" src=\"https:\/\/www.mladibl.com\/wp-content\/uploads\/2022\/07\/flajer-bhs-723x1024.jpg\" alt=\"\" class=\"wp-image-21623\" srcset=\"https:\/\/www.mladibl.com\/wp-content\/uploads\/2022\/07\/flajer-bhs-723x1024.jpg 723w, https:\/\/www.mladibl.com\/wp-content\/uploads\/2022\/07\/flajer-bhs-212x300.jpg 212w, https:\/\/www.mladibl.com\/wp-content\/uploads\/2022\/07\/flajer-bhs-768x1087.jpg 768w, https:\/\/www.mladibl.com\/wp-content\/uploads\/2022\/07\/flajer-bhs-1085x1536.jpg 1085w, https:\/\/www.mladibl.com\/wp-content\/uploads\/2022\/07\/flajer-bhs-1446x2048.jpg 1446w, https:\/\/www.mladibl.com\/wp-content\/uploads\/2022\/07\/flajer-bhs-scaled.jpg 1808w\" sizes=\"auto, (max-width: 723px) 100vw, 723px\" \/><\/figure>\n","protected":false},"excerpt":{"rendered":"<p>Pozivamo sve zainteresovane mlade od 17 do 25 godina da se prijave za u\u010de\u0161\u0107e na edukativno-volonterskom kampu &#8220;\u0160kola mira 2022&#8221;,<\/p>\n","protected":false},"author":1,"featured_media":21589,"comment_status":"closed","ping_status":"open","sticky":false,"template":"","format":"standard","meta":{"om_disable_all_campaigns":false,"_monsterinsights_skip_tracking":false,"_monsterinsights_sitenote_active":false,"_monsterinsights_sitenote_note":"","_monsterinsights_sitenote_category":0,"footnotes":""},"categories":[6,8692],"tags":[25,1692,9035],"class_list":["post-21608","post","type-post","status-publish","format-standard","has-post-thumbnail","hentry","category-dogadjaji","category-izdvajamo","tag-edukacija","tag-kamp","tag-skola-mira-2022"],"jetpack_featured_media_url":"https:\/\/www.mladibl.com\/wp-content\/uploads\/2022\/07\/Edukativno-volonterski-kamp-Skola-mira-2022.jpg","amp_enabled":true,"_links":{"self":[{"href":"https:\/\/www.mladibl.com\/index.php?rest_route=\/wp\/v2\/posts\/21608","targetHints":{"allow":["GET"]}}],"collection":[{"href":"https:\/\/www.mladibl.com\/index.php?rest_route=\/wp\/v2\/posts"}],"about":[{"href":"https:\/\/www.mladibl.com\/index.php?rest_route=\/wp\/v2\/types\/post"}],"author":[{"embeddable":true,"href":"https:\/\/www.mladibl.com\/index.php?rest_route=\/wp\/v2\/users\/1"}],"replies":[{"embeddable":true,"href":"https:\/\/www.mladibl.com\/index.php?rest_route=%2Fwp%2Fv2%2Fcomments&post=21608"}],"version-history":[{"count":4,"href":"https:\/\/www.mladibl.com\/index.php?rest_route=\/wp\/v2\/posts\/21608\/revisions"}],"predecessor-version":[{"id":21625,"href":"https:\/\/www.mladibl.com\/index.php?rest_route=\/wp\/v2\/posts\/21608\/revisions\/21625"}],"wp:featuredmedia":[{"embeddable":true,"href":"https:\/\/www.mladibl.com\/index.php?rest_route=\/wp\/v2\/media\/21589"}],"wp:attachment":[{"href":"https:\/\/www.mladibl.com\/index.php?rest_route=%2Fwp%2Fv2%2Fmedia&parent=21608"}],"wp:term":[{"taxonomy":"category","embeddable":true,"href":"https:\/\/www.mladibl.com\/index.php?rest_route=%2Fwp%2Fv2%2Fcategories&post=21608"},{"taxonomy":"post_tag","embeddable":true,"href":"https:\/\/www.mladibl.com\/index.php?rest_route=%2Fwp%2Fv2%2Ftags&post=21608"}],"curies":[{"name":"wp","href":"https:\/\/api.w.org\/{rel}","templated":true}]}}