{"id":2160,"date":"2020-07-20T21:20:17","date_gmt":"2020-07-20T19:20:17","guid":{"rendered":"http:\/\/www.mladibl.com\/?p=2160"},"modified":"2020-07-20T21:20:20","modified_gmt":"2020-07-20T19:20:20","slug":"akademija-demokratije-za-mlade-zene","status":"publish","type":"post","link":"https:\/\/www.mladibl.com\/?p=2160","title":{"rendered":"Akademija demokratije za mlade \u017eene"},"content":{"rendered":"\n<p>Otvoren je poziv za prijavu na Akademiju demokratije za mlade \u017eene u generaciji 2020\/21. Edukacije \u0107e se sprovoditi u Banjaluci i Sarajevu.<\/p>\n\n\n\n<p>Ukoliko ima\u0161 izme\u0111u 18 i 35 godina, \u017eivi\u0161 u BiH i \u017eeljela bi da bude\u0161 dio programa \u201eAkademija demokratije za mlade \u017eene \u2013 Generacija 2020\/2021\u201c koju vodi Udru\u017eenje \u201e\u017dene za \u017dene International\u201c u BiH uz financijsku podr\u0161ku NED-a (The National Endowment for Democracy), ovo je prilika da nam se javi\u0161!<\/p>\n\n\n\n<p>\u0160ta mo\u017ee\u0161 da o\u010dekuje\u0161?<\/p>\n\n\n\n<p>Program Akademije \u0107e biti realizovan u periodu od augusta 2020. godine do juna 2021. godine i uklju\u010divat \u0107e 7 edukacijskih modula u trajanju od 18 dana i prakti\u010dni volonterski rad u trajanju od 100 sati:<\/p>\n\n\n\n<p><strong><em>1-U\u010destvovanje na edukaciji Modul 1 (2 dana):<\/em><\/strong><\/p>\n\n\n\n<ul class=\"wp-block-list\"><li>Prezentacija iskustva u\u010desnica iz prethodnih projekata<\/li><li>Upoznavanje sa projektom<\/li><li>Demokratsko dru\u0161tvo i ljudska prava<\/li><\/ul>\n\n\n\n<p><strong><em>2-U\u010destvovanje na edukaciji Modul 2 (3 dana):<\/em><\/strong><\/p>\n\n\n\n<ul class=\"wp-block-list\"><li>Od dr\u017eavne politike do lokalne o ravnopravnosti \u017eena<\/li><li>Politi\u010dki sistem i pozicija \u017eena, te potencijal \u017eena za budu\u0107e donosioce odluka, prepreke i mogucnosti, prilike i perspektive                                                                      <\/li><li>Pozicioniranje \u017eena u politici, medijima, biznisu, NVO. Vladinom sektoru \u2013 liderstvo<\/li><\/ul>\n\n\n\n<p><strong><em>3-U\u010destvovanje na edukaciji Modul 3 (3 dana): <\/em><\/strong><\/p>\n\n\n\n<ul class=\"wp-block-list\"><li>Lokalni izbori 2020 u BiH i za\u0161to je va\u017eno da mladi glasaju<\/li><li>Razvoj kriti\u010dkog mi\u0161ljenja kada su u pitanju politi\u010dke kampanje i izbori.<\/li><li>Kako mo\u017eemo sprije\u010diti izborne prevare i manipulacije i kako mo\u017eemo unaprijediti izborni proces i izbornu regulativu<\/li><\/ul>\n\n\n\n<p><em><strong>4-U\u010destvovanje na edukaciji Modul 4 (3 dana)<\/strong><\/em><\/p>\n\n\n\n<ul class=\"wp-block-list\"><li>Zagovara\u010dke kampanje, demokratski dijalog i promocija demokratije kroz male projekte\/ gra\u0111anske inicijative<\/li><li>Demokratski dijalog: kako komunicirati sa donosiocima odluka<\/li><li>Va\u017enost procesa pomirenja u postkonfliktnom dru\u0161tvu kroz primjere me\u0111uetni\u010dke saradnje u BIH<\/li><li>Promocija demokratije \u2013 po\u0161tivanje vladavine prava, sloboda izra\u017eavanja, po\u0161tivanje ljudskih prava i neovisno pravosu\u0111e.<\/li><\/ul>\n\n\n\n<p><strong><em>5-U\u010destvovanje na edukaciji Modul 5 (3 dana)<\/em><\/strong><\/p>\n\n\n\n<ul class=\"wp-block-list\"><li>Upravljanje projektnim ciklusom (razvoj projekata i provedba projekata) koji pokrivaju teme promocije sudjelovanja mladih \/ glasanja u lokalnim zajednicama za predstoje\u0107e izbore 2020., ljudska prava  \u017eena, izgradnju mira i pomirenje ili bilo \u0161ta \u0161to je u lokalnim zajednicama prepoznato kao problem \/ izazov tokom projekta)<\/li><\/ul>\n\n\n\n<p><strong><em>6-U\u010destvovanje na edukaciji Modul 6 (2 dana)<\/em><\/strong><\/p>\n\n\n\n<ul class=\"wp-block-list\"><li>Komunikacijske i prezentacijske vje\u0161tine i javni nastup<\/li><li>Socijalne vje\u0161tine \u2013 Poslovna korespodencija<\/li><\/ul>\n\n\n\n<p><strong><em>7-U\u010destvovanje na edukaciji Modul 7 (2 dana):<\/em><\/strong><\/p>\n\n\n\n<ul class=\"wp-block-list\"><li>Pisanje narativnih i financijskih izvje\u0161taja<\/li><li>Digitalna pismenost (word, excel, power point)<\/li><\/ul>\n\n\n\n<p><strong><em>8-Volonterski rad u\u010desnica u lokalnim udru\u017eenjima u trajanju od 100 sati<\/em><\/strong><\/p>\n\n\n\n<ul class=\"wp-block-list\"><li>Udru\u017eenje \u017dene za \u017dene International \u0107e pratiti tvoj individualni razvoj i aktivisti\u010dki anga\u017eman u toku Akademije, ali i nakon zavr\u0161etka programa. Za sve odabrane u\u010desnice Akademije obezbje\u0111en je prijevoz, smje\u0161taj, hrana, materijal, treneri, prostor, fond za projekte za \u201eu\u010denje kroz rad\u201c i  mentoring tokom trajanja projekta. U toku Akademije imat \u0107e\u0161 priliku upoznati \u017eene liderice iz oblasti ekonomije, politike, NVO sektora, medija, biznisa, kao i u\u010desnice prethodih Akademija, \u010dime pro\u0161iruje\u0161 mre\u017eu kontakata utjecajnih \u017eena koje mogu da ti pomognu u tvom li\u010dnom razvoju i napredovanju.<\/li><\/ul>\n\n\n\n<p>Sve polaznice \u0107e nakon u\u010de\u0161\u0107a dobiti certifikat o poha\u0111anju Akademije i pridru\u017eiti se, kao V generacija, Alumini Klubu mladih liderica \u017dene za \u017dene International koji trenutno boji 100 \u010dlanica.<\/p>\n\n\n\n<p>Ukoliko si mlada i ambiciozna osoba, \u017eeli\u0161 da radi\u0161 na svom li\u010dnom razvoju i usavr\u0161avanju, potrebno je da nam po\u0161alje\u0161 popunjen <strong><a href=\"https:\/\/www.mreza-mira.net\/wp-content\/uploads\/2020\/07\/PRIJAVNI-FORMULAR-za-Akademiju-2020-2021.doc\" target=\"_blank\" rel=\"noreferrer noopener\" aria-label=\"prijavni formular koji se nalazi ovdje (opens in a new tab)\">prijavni formular koji se nalazi ovdje<\/a><\/strong> do 07.augusta 2020.god:<\/p>\n\n\n\n<p>Dodatne informacije mo\u017ee\u0161 dobiti i putem telefona 033 770 010 ili na e-mail <a rel=\"noreferrer noopener\" aria-label=\"general@zenezazene.ba (opens in a new tab)\" href=\"mailto:general@zenezazene.ba\" target=\"_blank\"><strong>general@zenezazene.ba<\/strong><\/a><\/p>\n\n\n\n<p>Preuzeto sa: <a href=\"https:\/\/cerk.info\/akademija-demokratije-za-zene\/\" target=\"_blank\" rel=\"noreferrer noopener\" aria-label=\"CERK (opens in a new tab)\">CERK<\/a><\/p>\n","protected":false},"excerpt":{"rendered":"<p>Otvoren je poziv za prijavu na Akademiju demokratije za mlade \u017eene u generaciji 2020\/21. Edukacije \u0107e se sprovoditi u Banjaluci<\/p>\n","protected":false},"author":1,"featured_media":2161,"comment_status":"closed","ping_status":"open","sticky":false,"template":"","format":"standard","meta":{"om_disable_all_campaigns":false,"_monsterinsights_skip_tracking":false,"_monsterinsights_sitenote_active":false,"_monsterinsights_sitenote_note":"","_monsterinsights_sitenote_category":0,"footnotes":""},"categories":[4],"tags":[964,965,966,967],"class_list":["post-2160","post","type-post","status-publish","format-standard","has-post-thumbnail","hentry","category-edukacija","tag-akademija","tag-demokratija","tag-mlade-zene","tag-zene-za-zene"],"jetpack_featured_media_url":"https:\/\/www.mladibl.com\/wp-content\/uploads\/2020\/07\/Akademija-demokratije-za-mlade-\u017eene.jpg","amp_enabled":true,"_links":{"self":[{"href":"https:\/\/www.mladibl.com\/index.php?rest_route=\/wp\/v2\/posts\/2160","targetHints":{"allow":["GET"]}}],"collection":[{"href":"https:\/\/www.mladibl.com\/index.php?rest_route=\/wp\/v2\/posts"}],"about":[{"href":"https:\/\/www.mladibl.com\/index.php?rest_route=\/wp\/v2\/types\/post"}],"author":[{"embeddable":true,"href":"https:\/\/www.mladibl.com\/index.php?rest_route=\/wp\/v2\/users\/1"}],"replies":[{"embeddable":true,"href":"https:\/\/www.mladibl.com\/index.php?rest_route=%2Fwp%2Fv2%2Fcomments&post=2160"}],"version-history":[{"count":1,"href":"https:\/\/www.mladibl.com\/index.php?rest_route=\/wp\/v2\/posts\/2160\/revisions"}],"predecessor-version":[{"id":2162,"href":"https:\/\/www.mladibl.com\/index.php?rest_route=\/wp\/v2\/posts\/2160\/revisions\/2162"}],"wp:featuredmedia":[{"embeddable":true,"href":"https:\/\/www.mladibl.com\/index.php?rest_route=\/wp\/v2\/media\/2161"}],"wp:attachment":[{"href":"https:\/\/www.mladibl.com\/index.php?rest_route=%2Fwp%2Fv2%2Fmedia&parent=2160"}],"wp:term":[{"taxonomy":"category","embeddable":true,"href":"https:\/\/www.mladibl.com\/index.php?rest_route=%2Fwp%2Fv2%2Fcategories&post=2160"},{"taxonomy":"post_tag","embeddable":true,"href":"https:\/\/www.mladibl.com\/index.php?rest_route=%2Fwp%2Fv2%2Ftags&post=2160"}],"curies":[{"name":"wp","href":"https:\/\/api.w.org\/{rel}","templated":true}]}}