{"id":2135,"date":"2020-07-20T20:46:01","date_gmt":"2020-07-20T18:46:01","guid":{"rendered":"http:\/\/www.mladibl.com\/?p=2135"},"modified":"2020-07-20T20:46:04","modified_gmt":"2020-07-20T18:46:04","slug":"u-planu-teretane-na-otvorenom-u-jos-tri-naselja","status":"publish","type":"post","link":"https:\/\/www.mladibl.com\/?p=2135","title":{"rendered":"U planu teretane na otvorenom u jo\u0161 tri naselja"},"content":{"rendered":"\n<p>U namjeri da se sugra\u0111anima omogu\u0107e novi sportsko-rekreativni sadr\u017eaji, ovih dana pokrenute su aktivnosti za izgradnju novih teretana za vje\u017ebanje na otvorenom u vi\u0161e naselja.<\/p>\n\n\n\n<p>Kako su potvrdili u Odjeljenju za obrazovanje, zdravstvo, omladinu i sport u planu je gradnja teretana kod podru\u010dne \u0161kole u Prije\u010danima, zatim u Boriku (kod \u201eKajaka\u201c) u neposrednoj blizini ko\u0161arka\u0161kog igrali\u0161ta i na Pobr\u0111u kod crkve.<\/p>\n\n\n\n<p>-Ovih dana izabrana je projektantska ku\u0107a za izradu idejnih projekata i urbanisti\u010dko-tehni\u010dkih uslova za ove nove teretane \u2013 naveli su iz odjeljenja.<\/p>\n\n\n\n<p>Napominju da se kod izbora lokacija za nove teretane, vodi ra\u010duna o tome da budu postavljene na lokacijama gdje je manje sportsko-rekreativnih sadr\u017eaja, kao i na lokacijama gdje je primjetna pove\u0107ana frekvencija rekreativaca.<\/p>\n\n\n\n<p>Odnedavno su nova mjesta za vje\u017ebanje na otvorenom dostupna i stanovnicima Obili\u0107eva i \u010cesme.<\/p>\n\n\n\n<p>Zadnjih nekoliko godina teretane su sagra\u0111ene i u Parku \u201cMladen Stojanovi\u0107\u201d, \u0161etali\u0161tu pored Vrbasa \u2013 izme\u0111u Rebrova\u010dkog i Venecija mosta, na Banj brdu, u naselju Sime Matavulja, na Star\u010devici, u Lazarevu i u krugu sportsko-rekreativnog centra \u201eAkvana\u201c.<\/p>\n\n\n\n<figure class=\"wp-block-image\"><img loading=\"lazy\" decoding=\"async\" width=\"1024\" height=\"684\" src=\"http:\/\/www.mladibl.com\/wp-content\/uploads\/2020\/07\/U-planu-teretane-na-otvorenom-u-jo\u0161-tri-naselja-1024x684.jpg\" alt=\"\" class=\"wp-image-2136\" srcset=\"https:\/\/www.mladibl.com\/wp-content\/uploads\/2020\/07\/U-planu-teretane-na-otvorenom-u-jo\u0161-tri-naselja-1024x684.jpg 1024w, https:\/\/www.mladibl.com\/wp-content\/uploads\/2020\/07\/U-planu-teretane-na-otvorenom-u-jo\u0161-tri-naselja-300x200.jpg 300w, https:\/\/www.mladibl.com\/wp-content\/uploads\/2020\/07\/U-planu-teretane-na-otvorenom-u-jo\u0161-tri-naselja-768x513.jpg 768w, https:\/\/www.mladibl.com\/wp-content\/uploads\/2020\/07\/U-planu-teretane-na-otvorenom-u-jo\u0161-tri-naselja.jpg 1200w\" sizes=\"auto, (max-width: 1024px) 100vw, 1024px\" \/><\/figure>\n\n\n\n<p>Preuzeto sa: <a href=\"http:\/\/www.banjaluka.rs.ba\/%d1%83-%d0%bf%d0%bb%d0%b0%d0%bd%d1%83-%d1%82%d0%b5%d1%80%d0%b5%d1%82%d0%b0%d0%bd%d0%b5-%d0%bd%d0%b0-%d0%be%d1%82%d0%b2%d0%be%d1%80%d0%b5%d0%bd%d0%be%d0%bc-%d1%83-%d1%98%d0%be%d1%88-%d1%82%d1%80%d0%b8\/\" target=\"_blank\" rel=\"noreferrer noopener\" aria-label=\"Grad Banja Luka (opens in a new tab)\">Grad Banja Luka<\/a><\/p>\n","protected":false},"excerpt":{"rendered":"<p>U namjeri da se sugra\u0111anima omogu\u0107e novi sportsko-rekreativni sadr\u017eaji, ovih dana pokrenute su aktivnosti za izgradnju novih teretana za vje\u017ebanje<\/p>\n","protected":false},"author":1,"featured_media":115,"comment_status":"closed","ping_status":"open","sticky":false,"template":"","format":"standard","meta":{"om_disable_all_campaigns":false,"_monsterinsights_skip_tracking":false,"_monsterinsights_sitenote_active":false,"_monsterinsights_sitenote_note":"","_monsterinsights_sitenote_category":0,"footnotes":""},"categories":[11],"tags":[952,27,951,953,532,97],"class_list":["post-2135","post","type-post","status-publish","format-standard","has-post-thumbnail","hentry","category-gradbanjaluka","tag-borik","tag-grad-banja-luka","tag-naselja","tag-pobrde","tag-prijecani","tag-teretane"],"jetpack_featured_media_url":"https:\/\/www.mladibl.com\/wp-content\/uploads\/2019\/10\/grad-banja-luka.png","amp_enabled":true,"_links":{"self":[{"href":"https:\/\/www.mladibl.com\/index.php?rest_route=\/wp\/v2\/posts\/2135","targetHints":{"allow":["GET"]}}],"collection":[{"href":"https:\/\/www.mladibl.com\/index.php?rest_route=\/wp\/v2\/posts"}],"about":[{"href":"https:\/\/www.mladibl.com\/index.php?rest_route=\/wp\/v2\/types\/post"}],"author":[{"embeddable":true,"href":"https:\/\/www.mladibl.com\/index.php?rest_route=\/wp\/v2\/users\/1"}],"replies":[{"embeddable":true,"href":"https:\/\/www.mladibl.com\/index.php?rest_route=%2Fwp%2Fv2%2Fcomments&post=2135"}],"version-history":[{"count":1,"href":"https:\/\/www.mladibl.com\/index.php?rest_route=\/wp\/v2\/posts\/2135\/revisions"}],"predecessor-version":[{"id":2137,"href":"https:\/\/www.mladibl.com\/index.php?rest_route=\/wp\/v2\/posts\/2135\/revisions\/2137"}],"wp:featuredmedia":[{"embeddable":true,"href":"https:\/\/www.mladibl.com\/index.php?rest_route=\/wp\/v2\/media\/115"}],"wp:attachment":[{"href":"https:\/\/www.mladibl.com\/index.php?rest_route=%2Fwp%2Fv2%2Fmedia&parent=2135"}],"wp:term":[{"taxonomy":"category","embeddable":true,"href":"https:\/\/www.mladibl.com\/index.php?rest_route=%2Fwp%2Fv2%2Fcategories&post=2135"},{"taxonomy":"post_tag","embeddable":true,"href":"https:\/\/www.mladibl.com\/index.php?rest_route=%2Fwp%2Fv2%2Ftags&post=2135"}],"curies":[{"name":"wp","href":"https:\/\/api.w.org\/{rel}","templated":true}]}}