{"id":21318,"date":"2022-06-21T21:47:38","date_gmt":"2022-06-21T19:47:38","guid":{"rendered":"https:\/\/www.mladibl.com\/?p=21318"},"modified":"2022-06-21T21:47:40","modified_gmt":"2022-06-21T19:47:40","slug":"mladi-razgovarali-sa-gradonacelnikom-i-predsjednikom-skupstine","status":"publish","type":"post","link":"https:\/\/www.mladibl.com\/?p=21318","title":{"rendered":"Mladi razgovarali sa gradona\u010delnikom i predsjednikom Skup\u0161tine"},"content":{"rendered":"\n<p>U organizaciji Omladinskog savjeta Republike Srpske, mladi su imali priliku da u Domu omladine razgovaraju sa gradona\u010delnikom Banje Luke, Dra\u0161kom Stanivukovi\u0107em i predsjednikom Skup\u0161tine Grada, Mladenom Ili\u0107em.<\/p>\n\n\n\n<p>-U pitanju je program pod nazivom \u201eTi (se) pita\u0161 u Banjaluci\u201c, koji smo organizovali sa BHRI. Projekat implementira Me\u0111unarodna organizacija za migracije, a finansira Austrijska razovojna angecija. Dosta mladih je prisustvovalo, bilo je dosta pitanja, razli\u010ditih inicijativa i prijedloga \u2013 poru\u010dili su organizatori sino\u0107njeg doga\u0111aja.<\/p>\n\n\n\n<p>Gradona\u010delnik Stanivukovi\u0107 kazao je da je njegova klju\u010dna poruka bila da iako su mladi to nije nikakva amnestija.<\/p>\n\n\n\n<p>-Naprotiv, to je odgovornost prema dru\u0161tvu, prema budu\u0107nosti, prema okolini i otad\u017ebini. Ukoliko ste mla\u0111i, ta odgovornost je ve\u0107a. Mnoge godine su pred nama i krojimo na\u0161e \u017eivote, ostavljamo budu\u0107im generacijama koje dolaze poslije nas mnogo toga. Meni je to bilo va\u017eno re\u0107i \u2013 kazao je gradona\u010delnik poslije razgovora sa mladim.<\/p>\n\n\n\n<p>Istakao je da mladi ljudi mogu i treba da daju svoj doprinos u svim segmentima.<\/p>\n\n\n\n<p>-Ovaj grad, ova zemlja ima budu\u0107nost. Kao mladi ljudi dajmo sve od sebe, uhvatimo se u ko\u0161tac sa svim izazovima i problemima, naouru\u017eajmo se strpljenjem, dobrom energijom, vjerom u Boga, u \u017eivot, otad\u017ebinu, jedni u druge. Idemo da \u0161irimo optimizam i tako vidim \u017eivot. I to je jedna od poruka koju sam poslao \u2013 naveo je gradona\u010delnik.<\/p>\n\n\n\n<p>Istakao je da svakodnevno kroz brojne doga\u0111aje i aktivnosti, obilaske terena razgovara sa mnogo ljudi.<\/p>\n\n\n\n<p>-To zahtijeva i mnogo energije, ali ovo je prva Gradska uprava koja je najvi\u0161e u ravni razgovora, po\u0161tovanja, razumijevanja sa svakim \u010dovjekom \u2013 istakao je on.<\/p>\n\n\n\n<p>Naveo je da je i tokom sino\u0107njeg razgovora u Domu omladine \u010duo mnogo dobrih ideja, poput osnivanja fonda za mobilnost mladih koji bi bio na usluzi mladim koji putuju u okviru nekih programa ili projekata i kojima su potrebna inicijalna sredstava.<\/p>\n\n\n\n<p>Predsjednik Skup\u0161tine Grada Mladen Ili\u0107 kazao je da je zadovoljan razgovorom i da se najljep\u0161e osje\u0107a u dru\u0161tvu mladih ljudi.<\/p>\n\n\n\n<p>-Imali smo priliku da \u010dujemo pitanja mladih koji \u017eele da se uklju\u010de u razli\u010dite procese koji nas okru\u017euju. Polo\u017eaj mladog \u010dovjeka u dru\u0161tvu je ne\u0161to \u0161to je bilo akcentovano tokom razgovora i mislim da smo im kroz na\u0161e resore i uop\u0161te gledanje na svijet i mlade ljude dali odgovore na mnoga od tih pitanja \u2013 kazao je Ili\u0107.<\/p>\n\n\n\n<p>Poru\u010dio je da je va\u017eno da se mladi uklju\u010de u sve procese koji ih okru\u017euju, jer je to na\u010din da djeluju i na\u010din da iska\u017eu sve \u0161to misle.<\/p>\n\n\n\n<p>-Smjene generacija kako na politi\u010dkoj sceni, ali i drugim oblastima su neminovne i de\u0161avaju se i samo ako se uklju\u010de u ovakve ili sli\u010dne projekte mo\u017eemo o\u010dekivati neke bolje stvari. Trend odlaska mladih ljudi u inostranstvo daje svima nama dodatnu obavezu da se ovakvim projektima i pojedincima posvetimo vi\u0161e \u2013 zaklju\u010dio je Ili\u0107.<\/p>\n\n\n\n<p>Preuzeto sa: <a href=\"https:\/\/www.banjaluka.rs.ba\/mladi-razgovarali-sa-gradonacelnikom-i-predsjednikom-skupstine\/\" target=\"_blank\" rel=\"noreferrer noopener\">Grad Banja Luka<\/a><\/p>\n","protected":false},"excerpt":{"rendered":"<p>U organizaciji Omladinskog savjeta Republike Srpske, mladi su imali priliku da u Domu omladine razgovaraju sa gradona\u010delnikom Banje Luke, Dra\u0161kom<\/p>\n","protected":false},"author":1,"featured_media":21330,"comment_status":"closed","ping_status":"open","sticky":false,"template":"","format":"standard","meta":{"om_disable_all_campaigns":false,"_monsterinsights_skip_tracking":false,"_monsterinsights_sitenote_active":false,"_monsterinsights_sitenote_note":"","_monsterinsights_sitenote_category":0,"footnotes":""},"categories":[2],"tags":[1146,33,8948,1362],"class_list":["post-21318","post","type-post","status-publish","format-standard","has-post-thumbnail","hentry","category-vijesti","tag-gradonacelnik","tag-mladi","tag-predsjednik-skupstine","tag-razgovor"],"jetpack_featured_media_url":"https:\/\/www.mladibl.com\/wp-content\/uploads\/2022\/06\/Mladi-razgovarali-sa-gradonacelnikom-i-predsjednikom-Skupstine.jpg","amp_enabled":true,"_links":{"self":[{"href":"https:\/\/www.mladibl.com\/index.php?rest_route=\/wp\/v2\/posts\/21318","targetHints":{"allow":["GET"]}}],"collection":[{"href":"https:\/\/www.mladibl.com\/index.php?rest_route=\/wp\/v2\/posts"}],"about":[{"href":"https:\/\/www.mladibl.com\/index.php?rest_route=\/wp\/v2\/types\/post"}],"author":[{"embeddable":true,"href":"https:\/\/www.mladibl.com\/index.php?rest_route=\/wp\/v2\/users\/1"}],"replies":[{"embeddable":true,"href":"https:\/\/www.mladibl.com\/index.php?rest_route=%2Fwp%2Fv2%2Fcomments&post=21318"}],"version-history":[{"count":1,"href":"https:\/\/www.mladibl.com\/index.php?rest_route=\/wp\/v2\/posts\/21318\/revisions"}],"predecessor-version":[{"id":21331,"href":"https:\/\/www.mladibl.com\/index.php?rest_route=\/wp\/v2\/posts\/21318\/revisions\/21331"}],"wp:featuredmedia":[{"embeddable":true,"href":"https:\/\/www.mladibl.com\/index.php?rest_route=\/wp\/v2\/media\/21330"}],"wp:attachment":[{"href":"https:\/\/www.mladibl.com\/index.php?rest_route=%2Fwp%2Fv2%2Fmedia&parent=21318"}],"wp:term":[{"taxonomy":"category","embeddable":true,"href":"https:\/\/www.mladibl.com\/index.php?rest_route=%2Fwp%2Fv2%2Fcategories&post=21318"},{"taxonomy":"post_tag","embeddable":true,"href":"https:\/\/www.mladibl.com\/index.php?rest_route=%2Fwp%2Fv2%2Ftags&post=21318"}],"curies":[{"name":"wp","href":"https:\/\/api.w.org\/{rel}","templated":true}]}}