{"id":2130,"date":"2020-07-15T21:07:30","date_gmt":"2020-07-15T19:07:30","guid":{"rendered":"http:\/\/www.mladibl.com\/?p=2130"},"modified":"2020-07-15T21:07:32","modified_gmt":"2020-07-15T19:07:32","slug":"15-jul-svjetski-dan-vjestina-mladih-vjestine-za-otpornu-omladinu-u-eri-covid-19-i-sire","status":"publish","type":"post","link":"https:\/\/www.mladibl.com\/?p=2130","title":{"rendered":"15. jul, Svjetski dan vje\u0161tina mladih: Vje\u0161tine za otpornu omladinu u eri COVID-19 i \u0161ire"},"content":{"rendered":"\n<p>Danas je Svjetski dan vje\u0161tina mladih, koji je orijentisan ka osna\u017eivanju mladih \u0161irom planete, zarad bolje budu\u0107nosti. Progla\u0161en je od strane Generalne skup\u0161tine Ujedinjenih nacija 11. novembra 2014. godine.<\/p>\n\n\n\n<p>Jedan od bitnijih motiva za progla\u0161enje posebnog dana na svjetskom nivou posve\u0107enog vje\u0161tinama mladih je bilo podi\u0107i nivo svijesti o ulaganju u razvoj vje\u0161tina mladih kroz razne oblike edukacije od kojih je primarno strukovno obrazovanje.<\/p>\n\n\n\n<p>Pa\u017enja je posve\u0107ena podizanju svijesti o va\u017enosti sticanja vje\u0161tina kao sredstva za rje\u0161avanje problema nezaposlenenosti, u cilju postizanja boljih socio-ekonomskih uslova za sve mlade.<\/p>\n\n\n\n<p><strong>Ovogodi\u0161nja tema su Vje\u0161tine za otpornu omladinu u eri COVID-19 i \u0161ire.<\/strong><\/p>\n\n\n\n<p>Svetski dan vj\u0161etina mladih 2020. godine odvijac\u0301e se u izazovnom kontekstu. Mjere pandemije i zatvaranja zbog COVID-19 dovele su do zatvaranja institucija tehni\u010dkog, stru\u010dnog obrazovanja i osposobljavanja u svijetu, pretec\u0301i kontinuitetu razvoja vje\u0161tina.<\/p>\n\n\n\n<p>Procjenjuje se da je trenutno gotovo 70% u\u010denika u svijetu pogo\u0111eno zatvaranjem \u0161kola na nivou obrazovanja. Ispitanici u istra\u017eivanju institucija o TVET-u, koje su zajedni\u010dki prikupili UNESCO, Me\u0111unarodna organizacija rada (ILO) i Svetska banka, izvestili su da je edukacija i obuka na daljinu postala naj\u010de\u0161c\u0301i na\u010din preno\u0161enja vje\u0161tina, sa zna\u010dajnim pote\u0161koc\u0301ama u pogledu, izme\u0111u ostalog, prilago\u0111avanja nastavnog plana i programa, pripremljenost, povezanost ili procjena i sertifikacija pripravnika i trenera.<\/p>\n\n\n\n<p>Prije aktuelne krize, mladi od 15 do 24 godine bili su tri puta \u010de\u0161c\u0301i od nezaposlenih odraslih i \u010desto su bili suo\u010deni sa produ\u017eenim vremenom prelaska iz \u0161kole u \u200b\u200bposao. U dru\u0161tvima poslije COVID-19, buduc\u0301i da su mladi pozvani da doprinesu naporima oporavka, oni c\u0301e trebati da budu opremljeni vje\u0161tinama za uspej\u0161no upravljanje evoluirajuc\u0301im izazovima i otporno\u0161c\u0301u da se prilagode buduc\u0301im poremec\u0301ajima.<\/p>\n\n\n\n<p><strong><em>Za\u0161to je va\u017ean Svetski dan vje\u0161tina mladih?<\/em><\/strong><\/p>\n\n\n\n<p>Rast nezaposlenosti mladih jedan je od najva\u017enijih problema sa kojim se suo\u010davaju ekonomije i dru\u0161tva u dana\u0161njem svijetu, kako za razvijene tako i za zemlje u razvoju. Najnoviji globalni trendovi zapo\u0161ljavanja za mlade 2020: tehnologija i buduc\u0301nost radnih mesta pokazuju da je od 2017. godine u porastu broj mladih koji nisu u procesu zapo\u0161ljavanja, obrazovanja ili obuke (NEET).<\/p>\n\n\n\n<p>U 2016. godini bilo je 259 miliona mladih klasifikovanih kao NEET &#8211; broj koji je porastao na procjenjenih 267 miliona u 2019. godini, a predvi\u0111a se da c\u0301e se i dalje penjati na oko 273 miliona u 2021. U smislu procenta, trend je tako\u0111e blago porastao sa 21.7 % u 2015. godini na 22,4% u 2020. godini &#8211; \u0161to implicira da c\u0301e propustiti me\u0111unarodni cilj smanjenja stope NEET-a do 2020. godine.<\/p>\n\n\n\n<p>Svjetski dan vje\u0161tina mladih, koji je progla\u0161en Generalnom skup\u0161tinom 2014. godine, prilika je da mladi ljudi, institucije tehni\u010dkog i stru\u010dnog obrazovanja i obuke (TVET), i zainteresovane strane iz javnog i privatnog sektora priznaju i proslave va\u017enost osna\u017eivanja mladih ljudi vje\u0161tinama za zapo\u0161ljavanje, pristojan rad i preduzetni\u0161tvo.<\/p>\n\n\n\n<p><strong><em>Da li ste znali?<\/em><\/strong><\/p>\n\n\n\n<ul class=\"wp-block-list\"><li>Globalno gledano, svaka peta mlada osoba je NEET (Not in Education, Employment, or Training), tj nije zaposlena, ili nije u procesu edukacije ili obuke. Tri od \u010detiri mlade NEET osobe su \u017eene.<\/li><li>Dok je omladinska populacija u periodu od 1997. do 2017. rasla za 139 miliona, radna snaga mladih smanjila se za 58,7 miliona.<\/li><li>Skoro dva od pet mladih radnika u ekonomijama u razvoju i u razvoju \u017eive sa manje od 3,10 dolara dnevno.<\/li><li>Prije trenutne krize, mladima prijeti tri puta ve\u0107i rizik nezaposlenosti od odraslih (25 godina i starijih). Trenutno je vi\u0161e od 1 od 6 mladih ljudi bez posla zbog COVID-19.<\/li><li>Kombinovano u\u010denje na daljinu sa razvojem prakti\u010dnih ve\u0161tina pokazalo se efikasnim u TVET-u (institucije tehni\u010dkog i stru\u010dnog obrazovanja i obuke) vec\u0301 vi\u0161e od 100 godina. Na primer, 1910. godine, kao odgovor na hitne potrebe posle epidemije tifusa, Australija je uvela svoje prve te\u010dajeve TVET-a za obuku zdravstvenih inspektora dopisivanjem, dok oni radio.<\/li><\/ul>\n\n\n\n<p><em>Pripremio: Milo\u0161 Blagojevi\u0107<\/em><\/p>\n\n\n\n<p>Preuzeto sa: <a href=\"http:\/\/www.cerebra-ngo.com\/?p=947\" target=\"_blank\" rel=\"noreferrer noopener\" aria-label=\"CEREBRA NGO (opens in a new tab)\">CEREBRA NGO<\/a><\/p>\n","protected":false},"excerpt":{"rendered":"<p>Danas je Svjetski dan vje\u0161tina mladih, koji je orijentisan ka osna\u017eivanju mladih \u0161irom planete, zarad bolje budu\u0107nosti. Progla\u0161en je od<\/p>\n","protected":false},"author":1,"featured_media":2131,"comment_status":"closed","ping_status":"open","sticky":false,"template":"","format":"standard","meta":{"om_disable_all_campaigns":false,"_monsterinsights_skip_tracking":false,"_monsterinsights_sitenote_active":false,"_monsterinsights_sitenote_note":"","_monsterinsights_sitenote_category":0,"footnotes":""},"categories":[370],"tags":[33,34,725,950],"class_list":["post-2130","post","type-post","status-publish","format-standard","has-post-thumbnail","hentry","category-ostalo","tag-mladi","tag-omladina","tag-svjetski-dan","tag-vjestine"],"jetpack_featured_media_url":"https:\/\/www.mladibl.com\/wp-content\/uploads\/2020\/07\/wysd2020.jpg","amp_enabled":true,"_links":{"self":[{"href":"https:\/\/www.mladibl.com\/index.php?rest_route=\/wp\/v2\/posts\/2130","targetHints":{"allow":["GET"]}}],"collection":[{"href":"https:\/\/www.mladibl.com\/index.php?rest_route=\/wp\/v2\/posts"}],"about":[{"href":"https:\/\/www.mladibl.com\/index.php?rest_route=\/wp\/v2\/types\/post"}],"author":[{"embeddable":true,"href":"https:\/\/www.mladibl.com\/index.php?rest_route=\/wp\/v2\/users\/1"}],"replies":[{"embeddable":true,"href":"https:\/\/www.mladibl.com\/index.php?rest_route=%2Fwp%2Fv2%2Fcomments&post=2130"}],"version-history":[{"count":1,"href":"https:\/\/www.mladibl.com\/index.php?rest_route=\/wp\/v2\/posts\/2130\/revisions"}],"predecessor-version":[{"id":2132,"href":"https:\/\/www.mladibl.com\/index.php?rest_route=\/wp\/v2\/posts\/2130\/revisions\/2132"}],"wp:featuredmedia":[{"embeddable":true,"href":"https:\/\/www.mladibl.com\/index.php?rest_route=\/wp\/v2\/media\/2131"}],"wp:attachment":[{"href":"https:\/\/www.mladibl.com\/index.php?rest_route=%2Fwp%2Fv2%2Fmedia&parent=2130"}],"wp:term":[{"taxonomy":"category","embeddable":true,"href":"https:\/\/www.mladibl.com\/index.php?rest_route=%2Fwp%2Fv2%2Fcategories&post=2130"},{"taxonomy":"post_tag","embeddable":true,"href":"https:\/\/www.mladibl.com\/index.php?rest_route=%2Fwp%2Fv2%2Ftags&post=2130"}],"curies":[{"name":"wp","href":"https:\/\/api.w.org\/{rel}","templated":true}]}}