{"id":2113,"date":"2020-07-15T20:39:29","date_gmt":"2020-07-15T18:39:29","guid":{"rendered":"http:\/\/www.mladibl.com\/?p=2113"},"modified":"2020-07-15T20:39:43","modified_gmt":"2020-07-15T18:39:43","slug":"25-miliona-evra-za-podrsku-muzickom-sektoru","status":"publish","type":"post","link":"https:\/\/www.mladibl.com\/?p=2113","title":{"rendered":"2,5 miliona evra za podr\u0161ku muzi\u010dkom sektoru"},"content":{"rendered":"\n<p>\u200bEvropska komisija objavila je Poziv za dostavljanje prijedloga projekata \u201eInovativna \u0161ema podr\u0161ke odr\u017eivom muzi\u010dkom ekosistemu&#8221;. Rok za dostavljanje prijedloga projekata je 15. septembar 2020. godine.<\/p>\n\n\n\n<p>Op\u0161ti cilj poziva je podr\u0161ka muzi\u010dkom sektoru za oporavak od krize nastale uticajem pandemije virusa COVID-19 i unapre\u0111enje odr\u017eivosti.<\/p>\n\n\n\n<p>Predmetni poziv obuhvate tri teme:<\/p>\n\n\n\n<ol class=\"wp-block-list\"><li>Zeleni oporavak;<\/li><li>Digitalni oporavak;<\/li><li>Pravedan i otporan oporavak;<\/li><\/ol>\n\n\n\n<p>Izabrani konzorcijum treba da dizajnira, sprovede i nadgleda sprovo\u0111enje jedne \u0161eme podr\u0161ke kojom se redistribuiraju grant sredstva krajnjim korisnicima u muzi\u010dkom sektoru.<\/p>\n\n\n\n<p>Na predmetni poziv mogu se prijaviti konzorcijumi sastavljeni od najmanje dva pravna subjekta:<\/p>\n\n\n\n<ul class=\"wp-block-list\"><li>neprofitne organizacije (javne ili privatne);<\/li><li>javne vlasti;<\/li><li>me\u0111unarodne organizacije i<\/li><li>subjekti koji ostvaruju dobit.<\/li><\/ul>\n\n\n\n<p>Ukupan bud\u017eet namijenjen za sufinansiranje projekata iznosi 2 500 000 evra.<\/p>\n\n\n\n<p>Detaljne informacije o Pozivu dostupne su <strong><a href=\"https:\/\/ec.europa.eu\/culture\/calls\/music-moves-europe-preparatory-action-2020-innovative-support-scheme-sustainable-music_en\" target=\"_blank\" rel=\"noreferrer noopener\" aria-label=\"OVDJE (opens in a new tab)\">OVDJE<\/a><\/strong>.<\/p>\n\n\n\n<p>Evropska komisija ovim pozivom dopunjuje nacionalne i EU inicijative i \u0161eme koje poma\u017eu u ubla\u017eavanju krize nastale uticajem pandemije virusa COVID-19 na muzi\u010dki sektor i kulturu uop\u0161te. Na ovaj na\u010din Evropska komisija razvija svoj integrisani pristup podr\u0161ke EU muzici (Music Moves Europe) koji \u0107e se nastaviti u okviru novog programa EU Kreativna Evropa 2021-2027.<\/p>\n\n\n\n<p>Preuzeto sa: <a href=\"https:\/\/vladars.net\/sr-SP-Cyrl\/Vlada\/Ministarstva\/meoi\/media\/Vijesti\/Pages\/2,5-%D0%BC%D0%B8%D0%BB%D0%B8%D0%BE%D0%BD%D0%B0-%D0%B5%D0%B2%D1%80%D0%B0-%D0%B7%D0%B0-%D0%BF%D0%BE%D0%B4%D1%80%D1%88%D0%BA%D1%83-%D0%BC%D1%83%D0%B7%D0%B8%D1%87%D0%BA%D0%BE%D0%BC-%D1%81%D0%B5%D0%BA%D1%82%D0%BE%D1%80%D1%83.aspx\" target=\"_blank\" rel=\"noreferrer noopener\" aria-label=\"Ministarstvo za evropske integracije i me\u0111unarodnu saradnju (opens in a new tab)\">Ministarstvo za evropske integracije i me\u0111unarodnu saradnju<\/a><\/p>\n","protected":false},"excerpt":{"rendered":"<p>\u200bEvropska komisija objavila je Poziv za dostavljanje prijedloga projekata \u201eInovativna \u0161ema podr\u0161ke odr\u017eivom muzi\u010dkom ekosistemu&#8221;. Rok za dostavljanje prijedloga projekata<\/p>\n","protected":false},"author":1,"featured_media":2114,"comment_status":"closed","ping_status":"open","sticky":false,"template":"","format":"standard","meta":{"om_disable_all_campaigns":false,"_monsterinsights_skip_tracking":false,"_monsterinsights_sitenote_active":false,"_monsterinsights_sitenote_note":"","_monsterinsights_sitenote_category":0,"footnotes":""},"categories":[7],"tags":[254,939,526,355,38],"class_list":["post-2113","post","type-post","status-publish","format-standard","has-post-thumbnail","hentry","category-grantovi","tag-evropska-komisija","tag-muzicki-sektor","tag-podrska","tag-poziv","tag-projekti"],"jetpack_featured_media_url":"https:\/\/www.mladibl.com\/wp-content\/uploads\/2020\/07\/25-miliona-evra-za-podr\u0161ku-muzi\u010dkom-sektoru.jpg","amp_enabled":true,"_links":{"self":[{"href":"https:\/\/www.mladibl.com\/index.php?rest_route=\/wp\/v2\/posts\/2113","targetHints":{"allow":["GET"]}}],"collection":[{"href":"https:\/\/www.mladibl.com\/index.php?rest_route=\/wp\/v2\/posts"}],"about":[{"href":"https:\/\/www.mladibl.com\/index.php?rest_route=\/wp\/v2\/types\/post"}],"author":[{"embeddable":true,"href":"https:\/\/www.mladibl.com\/index.php?rest_route=\/wp\/v2\/users\/1"}],"replies":[{"embeddable":true,"href":"https:\/\/www.mladibl.com\/index.php?rest_route=%2Fwp%2Fv2%2Fcomments&post=2113"}],"version-history":[{"count":1,"href":"https:\/\/www.mladibl.com\/index.php?rest_route=\/wp\/v2\/posts\/2113\/revisions"}],"predecessor-version":[{"id":2115,"href":"https:\/\/www.mladibl.com\/index.php?rest_route=\/wp\/v2\/posts\/2113\/revisions\/2115"}],"wp:featuredmedia":[{"embeddable":true,"href":"https:\/\/www.mladibl.com\/index.php?rest_route=\/wp\/v2\/media\/2114"}],"wp:attachment":[{"href":"https:\/\/www.mladibl.com\/index.php?rest_route=%2Fwp%2Fv2%2Fmedia&parent=2113"}],"wp:term":[{"taxonomy":"category","embeddable":true,"href":"https:\/\/www.mladibl.com\/index.php?rest_route=%2Fwp%2Fv2%2Fcategories&post=2113"},{"taxonomy":"post_tag","embeddable":true,"href":"https:\/\/www.mladibl.com\/index.php?rest_route=%2Fwp%2Fv2%2Ftags&post=2113"}],"curies":[{"name":"wp","href":"https:\/\/api.w.org\/{rel}","templated":true}]}}