{"id":20931,"date":"2022-06-07T21:02:54","date_gmt":"2022-06-07T19:02:54","guid":{"rendered":"https:\/\/www.mladibl.com\/?p=20931"},"modified":"2022-06-07T21:02:55","modified_gmt":"2022-06-07T19:02:55","slug":"poceo-talent-kamp-na-jahorini-350-ucenika-iz-svih-krajeva-srpske","status":"publish","type":"post","link":"https:\/\/www.mladibl.com\/?p=20931","title":{"rendered":"Po\u010deo &#8220;Talent kamp&#8221;: Na Jahorini 350 u\u010denika iz svih krajeva Srpske"},"content":{"rendered":"\n<p>Ministar prosvjete i kulture Natalija Trivi\u0107 istakla je ve\u010deras na otvaranju prvog &#8220;Talent kampa&#8221; na Jahorini, na kojem se okupilo 350 u\u010denika iz svih krajeva Srpske, da je ovo najbolji na\u010din da se poka\u017ee da su talenti va\u017eni i da \u0107e oni u budu\u0107nosti voditi Republiku Srps<\/p>\n\n\n\n<p>Djeca \u0107e na kampu od eminentnih stru\u010dnjaka iz Srpske i Srbije sticati nova znanja iz prirodnih i dru\u0161tvenih nauka, umjetnosti i sporta.<\/p>\n\n\n\n<p>Trivi\u0107eva je izrazila zadovoljstvo \u0161to otvara prvi &#8220;Talent kamp&#8221; namijenjen djeci, u\u010denicima osnovnih i srednjih \u0161kola, pobjednicima republi\u010dkih takmi\u010denja, te dodala da oni moraju imati podr\u0161ku Republike Srpske u svom profesionalnom razvoju.<\/p>\n\n\n\n<p>Ona je navela da je ovo konkretna podr\u0161ka gdje \u0107e dobiti dodatna usavr\u0161avanja, a s druge strane i rekreativne sadr\u017eaje, te da to govori da Republika Srpska vodi ra\u010duna o talentima.<\/p>\n\n\n\n<p>Direktor Republi\u010dkog pedago\u0161kog zavoda Predrag Damjanovi\u0107 rekao je da je ovo na neki na\u010din nagrada u\u010denicima za sve ono \u0161to su uradili prethodne \u0161kolske godine i sigurno \u0107e im biti podstrek za budu\u0107i rad.<\/p>\n\n\n\n<p>On je dodao da je Organizacioni odbor htio da se kamp odr\u017ei po\u010detkom juna da bi u\u010denici sa Jahorine poslali poruku drugim u\u010denicima koji jo\u0161 poha\u0111aju nastavu da se isplati biti najbolji, truditi se i pobje\u0111ivati na republi\u010dkim takmi\u010denjima.<\/p>\n\n\n\n<p>Prema njegovim rije\u010dima, Republi\u010dki pedago\u0161ki zavod, kao institucija koja se bavi organizacijom takmi\u010denje, nastavi\u0107e da podr\u017eava sve ove u\u010denike kako na nivou Republike Srpske i BiH.<\/p>\n\n\n\n<p>Marko Vu\u010di\u0107, maturant banjalu\u010dke Gimnazije i pobjednik republi\u010dkog takmi\u010denja iz matematike, fizike i ruskog ka\u017ee da je kamp zami\u0161ljen kao podstrek mladim talentima i zaslu\u017eena nagrada za njihova dosada\u0161nja podstignu\u0107a.<\/p>\n\n\n\n<p>On je naveo da na Jahorini o\u010dekuje dru\u017eenje, upoznavanje i razmjenu iskustava sa \u0111acima koji imaju ista interesovanja.<\/p>\n\n\n\n<p>U\u010denik petog razreda Osnovne muzi\u010dke \u0161kole &#8220;Vlado Milo\u0161evi\u0107&#8221; iz Banjaluke Luka Petrovi\u0107, koji svira violinu, o\u010dekuje da kamp bude zanimljiv, jer mu se program svi\u0111a.<\/p>\n\n\n\n<p>Kamp, koji okuplja djecu od tre\u0107eg do devetog razreda i srednjo\u0161kolce, pobjednike \u0161kolskih i republi\u010dkih takmi\u010denja, traja\u0107e do srijede, 8. juna, a organizuje ga Ministarstvo prosvjete i kulture Republike Srpske u saradnji sa Republi\u010dkim pedago\u0161kim zavodom i Inovacionim centrom Banjaluka, pod pokroviteljstvom predsjednika Srpske \u017deljke Cvijanovi\u0107.<\/p>\n\n\n\n<p>Otvaranju kampa prisustvovala je i ministar porodice, omladine i sporta Sonja Davidovi\u0107.<\/p>\n\n\n\n<p>Za sutra od 9.30 \u010dasova planirane su radionice \u010diji je cilj da probude radost svarala\u0161tva i pokrenu ma\u0161tu, podsti\u010du\u0107i polaznike da pi\u0161u o stvarima koje su im bliske i inspirativne, da spoznaju fenomene nau\u010dnih oblasti fizike i hemije kroz NTC metodologiju, likovne radionice, kao i kako izgleda \u017eivotni put pisca od prvih \u0161kolskih sastava do aktivnog bavljenja knji\u017eevno\u0161\u0107u.<\/p>\n\n\n\n<p>Specijalni gosti kampa bi\u0107e programski direktor Dje\u010dijeg kulturnog centra Beograd Leontina Pat i proslavljeni srpski d\u017eudista Nemanja Majdov.<\/p>\n\n\n\n<p>Za sve u\u010desnike kampa planirana je dodjela diploma (medalja).<\/p>\n\n\n\n<p><em>(Srna)<\/em><\/p>\n\n\n\n<p>Preuzeto sa: <a href=\"https:\/\/mondo.ba\/Info\/Drustvo\/a1146947\/Poceo-Talent-kamp-na-Jahorini.html\" target=\"_blank\" rel=\"noreferrer noopener\">mondo.ba<\/a><\/p>\n","protected":false},"excerpt":{"rendered":"<p>Ministar prosvjete i kulture Natalija Trivi\u0107 istakla je ve\u010deras na otvaranju prvog &#8220;Talent kampa&#8221; na Jahorini, na kojem se okupilo<\/p>\n","protected":false},"author":1,"featured_media":20942,"comment_status":"closed","ping_status":"open","sticky":false,"template":"","format":"standard","meta":{"om_disable_all_campaigns":false,"_monsterinsights_skip_tracking":false,"_monsterinsights_sitenote_active":false,"_monsterinsights_sitenote_note":"","_monsterinsights_sitenote_category":0,"footnotes":""},"categories":[2],"tags":[3197,130,8621,568],"class_list":["post-20931","post","type-post","status-publish","format-standard","has-post-thumbnail","hentry","category-vijesti","tag-jahorina","tag-republika-srpska","tag-talent-kamp","tag-ucenici"],"jetpack_featured_media_url":"https:\/\/www.mladibl.com\/wp-content\/uploads\/2022\/06\/Poceo-Talent-kamp-Na-Jahorini-350-ucenika-iz-svih-krajeva-Srpske.jpg","amp_enabled":true,"_links":{"self":[{"href":"https:\/\/www.mladibl.com\/index.php?rest_route=\/wp\/v2\/posts\/20931","targetHints":{"allow":["GET"]}}],"collection":[{"href":"https:\/\/www.mladibl.com\/index.php?rest_route=\/wp\/v2\/posts"}],"about":[{"href":"https:\/\/www.mladibl.com\/index.php?rest_route=\/wp\/v2\/types\/post"}],"author":[{"embeddable":true,"href":"https:\/\/www.mladibl.com\/index.php?rest_route=\/wp\/v2\/users\/1"}],"replies":[{"embeddable":true,"href":"https:\/\/www.mladibl.com\/index.php?rest_route=%2Fwp%2Fv2%2Fcomments&post=20931"}],"version-history":[{"count":1,"href":"https:\/\/www.mladibl.com\/index.php?rest_route=\/wp\/v2\/posts\/20931\/revisions"}],"predecessor-version":[{"id":20943,"href":"https:\/\/www.mladibl.com\/index.php?rest_route=\/wp\/v2\/posts\/20931\/revisions\/20943"}],"wp:featuredmedia":[{"embeddable":true,"href":"https:\/\/www.mladibl.com\/index.php?rest_route=\/wp\/v2\/media\/20942"}],"wp:attachment":[{"href":"https:\/\/www.mladibl.com\/index.php?rest_route=%2Fwp%2Fv2%2Fmedia&parent=20931"}],"wp:term":[{"taxonomy":"category","embeddable":true,"href":"https:\/\/www.mladibl.com\/index.php?rest_route=%2Fwp%2Fv2%2Fcategories&post=20931"},{"taxonomy":"post_tag","embeddable":true,"href":"https:\/\/www.mladibl.com\/index.php?rest_route=%2Fwp%2Fv2%2Ftags&post=20931"}],"curies":[{"name":"wp","href":"https:\/\/api.w.org\/{rel}","templated":true}]}}