{"id":20916,"date":"2022-06-07T12:52:32","date_gmt":"2022-06-07T10:52:32","guid":{"rendered":"https:\/\/www.mladibl.com\/?p=20916"},"modified":"2022-06-07T20:44:09","modified_gmt":"2022-06-07T18:44:09","slug":"banjaluka-na-jesen-domacin-druge-init-konferencije","status":"publish","type":"post","link":"https:\/\/www.mladibl.com\/?p=20916","title":{"rendered":"Banjaluka na jesen doma\u0107in druge INIT konferencije"},"content":{"rendered":"\n<p>Drugo izdanje IT konferencije INIT 2022 odr\u017ea\u0107e se 24. septembra u Banskom dvoru u Banjaluci, gdje \u0107e u\u010desnici imati priliku \u010duti predavanja vi\u0161e od 15 doma\u0107ih i svjetskih stru\u010dnjaka o najaktuelnijim temama iz IT industrije.<\/p>\n\n\n\n<figure class=\"wp-block-image size-large\"><img loading=\"lazy\" decoding=\"async\" width=\"1024\" height=\"683\" src=\"https:\/\/www.mladibl.com\/wp-content\/uploads\/2022\/06\/INIT-2019-1-1024x683.jpg\" alt=\"\" class=\"wp-image-20920\" srcset=\"https:\/\/www.mladibl.com\/wp-content\/uploads\/2022\/06\/INIT-2019-1-1024x683.jpg 1024w, https:\/\/www.mladibl.com\/wp-content\/uploads\/2022\/06\/INIT-2019-1-300x200.jpg 300w, https:\/\/www.mladibl.com\/wp-content\/uploads\/2022\/06\/INIT-2019-1-768x512.jpg 768w, https:\/\/www.mladibl.com\/wp-content\/uploads\/2022\/06\/INIT-2019-1-1536x1024.jpg 1536w, https:\/\/www.mladibl.com\/wp-content\/uploads\/2022\/06\/INIT-2019-1.jpg 2048w\" sizes=\"auto, (max-width: 1024px) 100vw, 1024px\" \/><\/figure>\n\n\n\n<p>Poslije dvogodi\u0161nje pauze izazvane pandemijom COVID-19, ovogodi\u0161nja konferencija bi\u0107e organizovana kroz dva paralelna rasporeda predavanja, a akcenat \u0107e biti na temama koje su<br>zanimljive \u0161irem krugu publike zainteresovanom za informacione tehnologije.&nbsp;<br>Iza neprofitne konferencije ponovo stoji zajednica banjalu\u010dkih programera \u010dija se vizija stvaranja najve\u0107eg tehnolo\u0161kog doga\u0111aja organizovanog od strane volontera u BiH nastavlja.&nbsp;<br><em>\u201cPoslije prvog INIT-a organizovanog 2019. godine, koji je u Banjaluci okupio vi\u0161e od 450 u\u010desnika, za drugo izdanje konferencije zadr\u017eavamo isti koncept, a novitet \u0107e biti radionice.<br>Potrudi\u0107emo se da teme koje budemo odabrali, budu \u0161to manje ili ne budu uop\u0161te vezane za odre\u0111en programski jezik, kako bismo pokrili \u0161to ve\u0107i spektar interesovanja publike\u201d<\/em>, poru\u010dili su organizatori.<\/p>\n\n\n\n<p>U\u010desnici \u0107e imati priliku slu\u0161ati i u\u010diti od profesionalaca iz regionalnog, ali i svjetskog IT sektora, koji \u0107e kroz 45-minutna predavanja posjetiocima prenijeti svoja znanja i iskustva.&nbsp;<br>Pored obrazovnog dijela konferencije, INIT je prilika za stvaranje novih poslovnih konekcija i umre\u017eavanje sa ljudima iz iste bran\u0161e, a na ovogodi\u0161njoj konferenciji ne\u0107e nedostajati ni zabavnog programa, koji \u0107e se realizovati kroz nagradne igre i afterparty.&nbsp;<br>INIT je jo\u0161 2019. postavio visoku ljestvicu po pitanju organizacije i kvaliteta programa, a na jesen \u0107e ponovo od Banjaluke na jedan dan napraviti tehnolo\u0161ku prestonicu sa tendencijom da&nbsp;postane tradicionalan doga\u0111aj.&nbsp;<\/p>\n\n\n\n<figure class=\"wp-block-image size-large\"><img loading=\"lazy\" decoding=\"async\" width=\"1024\" height=\"683\" src=\"https:\/\/www.mladibl.com\/wp-content\/uploads\/2022\/06\/INIT-2019-2-1024x683.jpg\" alt=\"\" class=\"wp-image-20921\" srcset=\"https:\/\/www.mladibl.com\/wp-content\/uploads\/2022\/06\/INIT-2019-2-1024x683.jpg 1024w, https:\/\/www.mladibl.com\/wp-content\/uploads\/2022\/06\/INIT-2019-2-300x200.jpg 300w, https:\/\/www.mladibl.com\/wp-content\/uploads\/2022\/06\/INIT-2019-2-768x512.jpg 768w, https:\/\/www.mladibl.com\/wp-content\/uploads\/2022\/06\/INIT-2019-2-1536x1024.jpg 1536w, https:\/\/www.mladibl.com\/wp-content\/uploads\/2022\/06\/INIT-2019-2.jpg 1600w\" sizes=\"auto, (max-width: 1024px) 100vw, 1024px\" \/><\/figure>\n\n\n\n<p>Program se trenutno formira, kao i spisak partnera, te ukoliko ste zainteresovani za sponzorstvo konferencije, mo\u017eete se javiti na e-mail: init@initconf.org. <br>\u201cEarly bird\u201d karte su dostupne i mogu se kupiti na <a rel=\"noreferrer noopener\" href=\"https:\/\/initconf.org\/\" target=\"_blank\">initconf.org<\/a>.<\/p>\n\n\n\n<p>Sve dodatne informacije mo\u017eete prona\u0107i na sajtu <a href=\"https:\/\/initconf.org\/\" target=\"_blank\" rel=\"noreferrer noopener\">initconf.org<\/a>, kao i na dru\u0161tvenim mre\u017eama<br><a href=\"https:\/\/www.facebook.com\/initBL\" target=\"_blank\" rel=\"noreferrer noopener\">Facebook<\/a> i <a href=\"https:\/\/www.instagram.com\/initconfbl\/?hl=en\" target=\"_blank\" rel=\"noreferrer noopener\">Instagram<\/a>.<\/p>\n\n\n\n<p>Izvor: <em>Saop\u0161tenje <\/em><\/p>\n","protected":false},"excerpt":{"rendered":"<p>Drugo izdanje IT konferencije INIT 2022 odr\u017ea\u0107e se 24. septembra u Banskom dvoru u Banjaluci, gdje \u0107e u\u010desnici imati priliku<\/p>\n","protected":false},"author":4,"featured_media":20917,"comment_status":"closed","ping_status":"open","sticky":false,"template":"","format":"standard","meta":{"om_disable_all_campaigns":false,"_monsterinsights_skip_tracking":false,"_monsterinsights_sitenote_active":false,"_monsterinsights_sitenote_note":"","_monsterinsights_sitenote_category":0,"footnotes":""},"categories":[2],"tags":[53,881,8852],"class_list":["post-20916","post","type-post","status-publish","format-standard","has-post-thumbnail","hentry","category-vijesti","tag-banja-luka","tag-banski-dvor","tag-init-konferencija"],"jetpack_featured_media_url":"https:\/\/www.mladibl.com\/wp-content\/uploads\/2022\/06\/INIT.jpg","amp_enabled":true,"_links":{"self":[{"href":"https:\/\/www.mladibl.com\/index.php?rest_route=\/wp\/v2\/posts\/20916","targetHints":{"allow":["GET"]}}],"collection":[{"href":"https:\/\/www.mladibl.com\/index.php?rest_route=\/wp\/v2\/posts"}],"about":[{"href":"https:\/\/www.mladibl.com\/index.php?rest_route=\/wp\/v2\/types\/post"}],"author":[{"embeddable":true,"href":"https:\/\/www.mladibl.com\/index.php?rest_route=\/wp\/v2\/users\/4"}],"replies":[{"embeddable":true,"href":"https:\/\/www.mladibl.com\/index.php?rest_route=%2Fwp%2Fv2%2Fcomments&post=20916"}],"version-history":[{"count":6,"href":"https:\/\/www.mladibl.com\/index.php?rest_route=\/wp\/v2\/posts\/20916\/revisions"}],"predecessor-version":[{"id":20930,"href":"https:\/\/www.mladibl.com\/index.php?rest_route=\/wp\/v2\/posts\/20916\/revisions\/20930"}],"wp:featuredmedia":[{"embeddable":true,"href":"https:\/\/www.mladibl.com\/index.php?rest_route=\/wp\/v2\/media\/20917"}],"wp:attachment":[{"href":"https:\/\/www.mladibl.com\/index.php?rest_route=%2Fwp%2Fv2%2Fmedia&parent=20916"}],"wp:term":[{"taxonomy":"category","embeddable":true,"href":"https:\/\/www.mladibl.com\/index.php?rest_route=%2Fwp%2Fv2%2Fcategories&post=20916"},{"taxonomy":"post_tag","embeddable":true,"href":"https:\/\/www.mladibl.com\/index.php?rest_route=%2Fwp%2Fv2%2Ftags&post=20916"}],"curies":[{"name":"wp","href":"https:\/\/api.w.org\/{rel}","templated":true}]}}